{"id":1767,"date":"2025-06-04T16:04:09","date_gmt":"2025-06-04T19:04:09","guid":{"rendered":"https:\/\/giovannamodena.com.br\/?p=1767"},"modified":"2025-06-13T09:10:29","modified_gmt":"2025-06-13T12:10:29","slug":"pagamento-de-salario-regras-sobre-dias-uteis-e-prazos-legais","status":"publish","type":"post","link":"https:\/\/giovannamodena.com.br\/?p=1767","title":{"rendered":"Pagamento de Sal\u00e1rio: Direitos, Datas e Prazos Legais"},"content":{"rendered":"\n<p>O pagamento do sal\u00e1rio \u00e9 uma das obriga\u00e7\u00f5es centrais do empregador no contrato de trabalho. A Consolida\u00e7\u00e3o das Leis do Trabalho (CLT) estabelece prazos e regras espec\u00edficas que devem ser observados, especialmente quanto \u00e0 defini\u00e7\u00e3o de dias \u00fateis e \u00e0s consequ\u00eancias legais em caso de descumprimento.<\/p>\n\n\n\n<p>O artigo 459, \u00a71\u00ba da CLT determina que o pagamento do sal\u00e1rio mensal deve ser efetuado at\u00e9 o 5\u00ba dia \u00fatil do m\u00eas subsequente ao vencido. O objetivo da norma \u00e9 assegurar previsibilidade e regularidade na remunera\u00e7\u00e3o do trabalhador.<\/p>\n\n\n\n<h3 class=\"wp-block-heading\"><strong>O que se considera \u201cdia \u00fatil\u201d para fins trabalhistas?<\/strong><\/h3>\n\n\n\n<p>Para efeitos de contagem do prazo legal de pagamento, consideram-se como dias \u00fateis todos os dias da semana, com exce\u00e7\u00e3o dos domingos e feriados nacionais, estaduais ou municipais. Importante destacar que os s\u00e1bados s\u00e3o considerados dias \u00fateis, mesmo que n\u00e3o haja expediente banc\u00e1rio.<\/p>\n\n\n\n<p>Dessa forma, o 5\u00ba dia \u00fatil pode recair em um s\u00e1bado, e o pagamento efetuado nesta data estar\u00e1 em conformidade com a legisla\u00e7\u00e3o.<\/p>\n\n\n\n<h3 class=\"wp-block-heading\"><strong>Antecipa\u00e7\u00e3o do pagamento em caso de feriado<\/strong><\/h3>\n\n\n\n<p>Caso o 5\u00ba dia \u00fatil coincida com um domingo ou feriado, o pagamento dever\u00e1 ser <strong>antecipado<\/strong> para o \u00faltimo dia \u00fatil imediatamente anterior. O empregador n\u00e3o pode postergar o pagamento para o pr\u00f3ximo dia \u00fatil, sob pena de infra\u00e7\u00e3o \u00e0 legisla\u00e7\u00e3o trabalhista.<\/p>\n\n\n\n<h3 class=\"wp-block-heading\"><strong>Consequ\u00eancias do atraso no pagamento<\/strong><\/h3>\n\n\n\n<p>O atraso no pagamento do sal\u00e1rio pode configurar falta grave por parte do empregador, gerando diversas consequ\u00eancias jur\u00eddicas, como:<\/p>\n\n\n\n<ul class=\"wp-block-list\">\n<li>Direito \u00e0 rescis\u00e3o indireta do contrato de trabalho, nos termos do artigo 483 da CLT;<\/li>\n\n\n\n<li>Multas previstas em conven\u00e7\u00f5es ou acordos coletivos;<\/li>\n\n\n\n<li>Possibilidade de indeniza\u00e7\u00e3o por danos morais, em casos de preju\u00edzos ao trabalhador;<\/li>\n\n\n\n<li>Autua\u00e7\u00e3o por parte da fiscaliza\u00e7\u00e3o do trabalho, com a imposi\u00e7\u00e3o de san\u00e7\u00f5es administrativas.<\/li>\n<\/ul>\n\n\n\n<h3 class=\"wp-block-heading\"><strong>Forma de pagamento e comprovantes<\/strong><\/h3>\n\n\n\n<p>O sal\u00e1rio pode ser pago em esp\u00e9cie ou mediante dep\u00f3sito banc\u00e1rio em conta indicada pelo empregado. Em ambos os casos, \u00e9 obrigat\u00f3rio o fornecimento de comprovante detalhado, com a discrimina\u00e7\u00e3o das verbas pagas, descontos legais aplicados e valor l\u00edquido recebido.<\/p>\n\n\n\n<p>O descumprimento dessa obriga\u00e7\u00e3o pode gerar questionamentos judiciais, especialmente em caso de aus\u00eancia de transpar\u00eancia no pagamento.<\/p>\n\n\n\n<h3 class=\"wp-block-heading\"><strong>Considera\u00e7\u00f5es finais<\/strong><\/h3>\n\n\n\n<p>O cumprimento rigoroso dos prazos e das regras relativas ao pagamento do sal\u00e1rio \u00e9 essencial para garantir a seguran\u00e7a jur\u00eddica da rela\u00e7\u00e3o de trabalho e preservar os direitos do trabalhador. A correta contagem dos dias \u00fateis, bem como a aten\u00e7\u00e3o \u00e0s datas de feriados, s\u00e3o fatores determinantes para evitar passivos trabalhistas.<\/p>\n\n\n\n<p>Em caso de d\u00favidas sobre o tema ou identifica\u00e7\u00e3o de eventuais irregularidades, \u00e9 recomend\u00e1vel buscar orienta\u00e7\u00e3o jur\u00eddica especializada para assegurar o fiel cumprimento da legisla\u00e7\u00e3o.<\/p>\n","protected":false},"excerpt":{"rendered":"<p>O pagamento do sal\u00e1rio \u00e9 uma das obriga\u00e7\u00f5es centrais do empregador no contrato de trabalho. A Consolida\u00e7\u00e3o das Leis do Trabalho (CLT) estabelece prazos e regras espec\u00edficas que devem ser &#8230;<\/p>\n","protected":false},"author":6,"featured_media":1769,"comment_status":"open","ping_status":"open","sticky":false,"template":"","format":"standard","meta":{"footnotes":""},"categories":[20],"tags":[47,49,48,46,50,36,45,43,44,26],"class_list":["post-1767","post","type-post","status-publish","format-standard","has-post-thumbnail","hentry","category-informacoes","tag-atraso-de-salario","tag-comprovante-de-pagamento","tag-direitos-do-trabalhador","tag-feriado-e-salario","tag-infracao-trabalhista","tag-orientacao-juridica-trabalhista","tag-pagamento-de-salario","tag-prazo-legal-clt","tag-quinto-dia-util","tag-rescisao-indireta"],"aioseo_notices":[],"yoast_head":"<!-- This site is optimized with the Yoast SEO plugin v27.4 - https:\/\/yoast.com\/product\/yoast-seo-wordpress\/ -->\n<title>Pagamento de Sal\u00e1rio: Direitos, Datas e Prazos Legais - Giovanna Modena<\/title>\n<meta name=\"robots\" content=\"index, follow, max-snippet:-1, max-image-preview:large, max-video-preview:-1\" \/>\n<link rel=\"canonical\" href=\"https:\/\/giovannamodena.com.br\/?p=1767\" \/>\n<meta property=\"og:locale\" content=\"en_US\" \/>\n<meta property=\"og:type\" content=\"article\" \/>\n<meta property=\"og:title\" content=\"Pagamento de Sal\u00e1rio: Direitos, Datas e Prazos Legais - Giovanna Modena\" \/>\n<meta property=\"og:description\" content=\"O pagamento do sal\u00e1rio \u00e9 uma das obriga\u00e7\u00f5es centrais do empregador no contrato de trabalho. A Consolida\u00e7\u00e3o das Leis do Trabalho (CLT) estabelece prazos e regras espec\u00edficas que devem ser ...\" \/>\n<meta property=\"og:url\" content=\"https:\/\/giovannamodena.com.br\/?p=1767\" \/>\n<meta property=\"og:site_name\" content=\"Giovanna Modena\" \/>\n<meta property=\"article:published_time\" content=\"2025-06-04T19:04:09+00:00\" \/>\n<meta property=\"article:modified_time\" content=\"2025-06-13T12:10:29+00:00\" \/>\n<meta property=\"og:image\" content=\"http:\/\/giovannamodena.com.br\/wp-content\/uploads\/2025\/06\/b.png\" \/>\n\t<meta property=\"og:image:width\" content=\"469\" \/>\n\t<meta property=\"og:image:height\" content=\"235\" \/>\n\t<meta property=\"og:image:type\" content=\"image\/png\" \/>\n<meta name=\"author\" content=\"Giovanna Soares\" \/>\n<meta name=\"twitter:card\" content=\"summary_large_image\" \/>\n<meta name=\"twitter:label1\" content=\"Written by\" \/>\n\t<meta name=\"twitter:data1\" content=\"Giovanna Soares\" \/>\n\t<meta name=\"twitter:label2\" content=\"Est. reading time\" \/>\n\t<meta name=\"twitter:data2\" content=\"3 minutes\" \/>\n<script type=\"application\/ld+json\" class=\"yoast-schema-graph\">{\"@context\":\"https:\\\/\\\/schema.org\",\"@graph\":[{\"@type\":\"Article\",\"@id\":\"https:\\\/\\\/giovannamodena.com.br\\\/?p=1767#article\",\"isPartOf\":{\"@id\":\"https:\\\/\\\/giovannamodena.com.br\\\/?p=1767\"},\"author\":{\"name\":\"Giovanna Soares\",\"@id\":\"https:\\\/\\\/giovannamodena.com.br\\\/#\\\/schema\\\/person\\\/4cff5cb4c6ed65168967adb763cb27e6\"},\"headline\":\"Pagamento de Sal\u00e1rio: Direitos, Datas e Prazos Legais\",\"datePublished\":\"2025-06-04T19:04:09+00:00\",\"dateModified\":\"2025-06-13T12:10:29+00:00\",\"mainEntityOfPage\":{\"@id\":\"https:\\\/\\\/giovannamodena.com.br\\\/?p=1767\"},\"wordCount\":471,\"commentCount\":0,\"publisher\":{\"@id\":\"https:\\\/\\\/giovannamodena.com.br\\\/#organization\"},\"image\":{\"@id\":\"https:\\\/\\\/giovannamodena.com.br\\\/?p=1767#primaryimage\"},\"thumbnailUrl\":\"https:\\\/\\\/giovannamodena.com.br\\\/wp-content\\\/uploads\\\/2025\\\/06\\\/b.png\",\"keywords\":[\"atraso de sal\u00e1rio\",\"comprovante de pagamento\",\"direitos do trabalhador\",\"feriado e sal\u00e1rio\",\"infra\u00e7\u00e3o trabalhista\",\"orienta\u00e7\u00e3o jur\u00eddica trabalhista\",\"pagamento de sal\u00e1rio\",\"prazo legal CLT\",\"quinto dia \u00fatil\",\"rescis\u00e3o indireta\"],\"articleSection\":[\"Informa\u00e7\u00f5es\"],\"inLanguage\":\"en-US\",\"potentialAction\":[{\"@type\":\"CommentAction\",\"name\":\"Comment\",\"target\":[\"https:\\\/\\\/giovannamodena.com.br\\\/?p=1767#respond\"]}]},{\"@type\":\"WebPage\",\"@id\":\"https:\\\/\\\/giovannamodena.com.br\\\/?p=1767\",\"url\":\"https:\\\/\\\/giovannamodena.com.br\\\/?p=1767\",\"name\":\"Pagamento de Sal\u00e1rio: Direitos, Datas e Prazos Legais - Giovanna Modena\",\"isPartOf\":{\"@id\":\"https:\\\/\\\/giovannamodena.com.br\\\/#website\"},\"primaryImageOfPage\":{\"@id\":\"https:\\\/\\\/giovannamodena.com.br\\\/?p=1767#primaryimage\"},\"image\":{\"@id\":\"https:\\\/\\\/giovannamodena.com.br\\\/?p=1767#primaryimage\"},\"thumbnailUrl\":\"https:\\\/\\\/giovannamodena.com.br\\\/wp-content\\\/uploads\\\/2025\\\/06\\\/b.png\",\"datePublished\":\"2025-06-04T19:04:09+00:00\",\"dateModified\":\"2025-06-13T12:10:29+00:00\",\"breadcrumb\":{\"@id\":\"https:\\\/\\\/giovannamodena.com.br\\\/?p=1767#breadcrumb\"},\"inLanguage\":\"en-US\",\"potentialAction\":[{\"@type\":\"ReadAction\",\"target\":[\"https:\\\/\\\/giovannamodena.com.br\\\/?p=1767\"]}]},{\"@type\":\"ImageObject\",\"inLanguage\":\"en-US\",\"@id\":\"https:\\\/\\\/giovannamodena.com.br\\\/?p=1767#primaryimage\",\"url\":\"https:\\\/\\\/giovannamodena.com.br\\\/wp-content\\\/uploads\\\/2025\\\/06\\\/b.png\",\"contentUrl\":\"https:\\\/\\\/giovannamodena.com.br\\\/wp-content\\\/uploads\\\/2025\\\/06\\\/b.png\",\"width\":469,\"height\":235,\"caption\":\"Pilhas de moeda\"},{\"@type\":\"BreadcrumbList\",\"@id\":\"https:\\\/\\\/giovannamodena.com.br\\\/?p=1767#breadcrumb\",\"itemListElement\":[{\"@type\":\"ListItem\",\"position\":1,\"name\":\"Home\",\"item\":\"https:\\\/\\\/giovannamodena.com.br\\\/\"},{\"@type\":\"ListItem\",\"position\":2,\"name\":\"Pagamento de Sal\u00e1rio: Direitos, Datas e Prazos Legais\"}]},{\"@type\":\"WebSite\",\"@id\":\"https:\\\/\\\/giovannamodena.com.br\\\/#website\",\"url\":\"https:\\\/\\\/giovannamodena.com.br\\\/\",\"name\":\"Giovanna Modena\",\"description\":\"\",\"publisher\":{\"@id\":\"https:\\\/\\\/giovannamodena.com.br\\\/#organization\"},\"potentialAction\":[{\"@type\":\"SearchAction\",\"target\":{\"@type\":\"EntryPoint\",\"urlTemplate\":\"https:\\\/\\\/giovannamodena.com.br\\\/?s={search_term_string}\"},\"query-input\":{\"@type\":\"PropertyValueSpecification\",\"valueRequired\":true,\"valueName\":\"search_term_string\"}}],\"inLanguage\":\"en-US\"},{\"@type\":\"Organization\",\"@id\":\"https:\\\/\\\/giovannamodena.com.br\\\/#organization\",\"name\":\"Giovanna Modena\",\"url\":\"https:\\\/\\\/giovannamodena.com.br\\\/\",\"logo\":{\"@type\":\"ImageObject\",\"inLanguage\":\"en-US\",\"@id\":\"https:\\\/\\\/giovannamodena.com.br\\\/#\\\/schema\\\/logo\\\/image\\\/\",\"url\":\"https:\\\/\\\/giovannamodena.com.br\\\/wp-content\\\/uploads\\\/2023\\\/11\\\/preto.png\",\"contentUrl\":\"https:\\\/\\\/giovannamodena.com.br\\\/wp-content\\\/uploads\\\/2023\\\/11\\\/preto.png\",\"width\":200,\"height\":57,\"caption\":\"Giovanna Modena\"},\"image\":{\"@id\":\"https:\\\/\\\/giovannamodena.com.br\\\/#\\\/schema\\\/logo\\\/image\\\/\"}},{\"@type\":\"Person\",\"@id\":\"https:\\\/\\\/giovannamodena.com.br\\\/#\\\/schema\\\/person\\\/4cff5cb4c6ed65168967adb763cb27e6\",\"name\":\"Giovanna Soares\",\"image\":{\"@type\":\"ImageObject\",\"inLanguage\":\"en-US\",\"@id\":\"https:\\\/\\\/secure.gravatar.com\\\/avatar\\\/2fdd46b47d9b733f3f8943bdff730c0258e12b0289fae72b70270a6b37335413?s=96&d=mm&r=g\",\"url\":\"https:\\\/\\\/secure.gravatar.com\\\/avatar\\\/2fdd46b47d9b733f3f8943bdff730c0258e12b0289fae72b70270a6b37335413?s=96&d=mm&r=g\",\"contentUrl\":\"https:\\\/\\\/secure.gravatar.com\\\/avatar\\\/2fdd46b47d9b733f3f8943bdff730c0258e12b0289fae72b70270a6b37335413?s=96&d=mm&r=g\",\"caption\":\"Giovanna Soares\"},\"url\":\"https:\\\/\\\/giovannamodena.com.br\\\/?author=6\"}]}<\/script>\n<!-- \/ Yoast SEO plugin. -->","yoast_head_json":{"title":"Pagamento de Sal\u00e1rio: Direitos, Datas e Prazos Legais - Giovanna Modena","robots":{"index":"index","follow":"follow","max-snippet":"max-snippet:-1","max-image-preview":"max-image-preview:large","max-video-preview":"max-video-preview:-1"},"canonical":"https:\/\/giovannamodena.com.br\/?p=1767","og_locale":"en_US","og_type":"article","og_title":"Pagamento de Sal\u00e1rio: Direitos, Datas e Prazos Legais - Giovanna Modena","og_description":"O pagamento do sal\u00e1rio \u00e9 uma das obriga\u00e7\u00f5es centrais do empregador no contrato de trabalho. A Consolida\u00e7\u00e3o das Leis do Trabalho (CLT) estabelece prazos e regras espec\u00edficas que devem ser ...","og_url":"https:\/\/giovannamodena.com.br\/?p=1767","og_site_name":"Giovanna Modena","article_published_time":"2025-06-04T19:04:09+00:00","article_modified_time":"2025-06-13T12:10:29+00:00","og_image":[{"width":469,"height":235,"url":"http:\/\/giovannamodena.com.br\/wp-content\/uploads\/2025\/06\/b.png","type":"image\/png"}],"author":"Giovanna Soares","twitter_card":"summary_large_image","twitter_misc":{"Written by":"Giovanna Soares","Est. reading time":"3 minutes"},"schema":{"@context":"https:\/\/schema.org","@graph":[{"@type":"Article","@id":"https:\/\/giovannamodena.com.br\/?p=1767#article","isPartOf":{"@id":"https:\/\/giovannamodena.com.br\/?p=1767"},"author":{"name":"Giovanna Soares","@id":"https:\/\/giovannamodena.com.br\/#\/schema\/person\/4cff5cb4c6ed65168967adb763cb27e6"},"headline":"Pagamento de Sal\u00e1rio: Direitos, Datas e Prazos Legais","datePublished":"2025-06-04T19:04:09+00:00","dateModified":"2025-06-13T12:10:29+00:00","mainEntityOfPage":{"@id":"https:\/\/giovannamodena.com.br\/?p=1767"},"wordCount":471,"commentCount":0,"publisher":{"@id":"https:\/\/giovannamodena.com.br\/#organization"},"image":{"@id":"https:\/\/giovannamodena.com.br\/?p=1767#primaryimage"},"thumbnailUrl":"https:\/\/giovannamodena.com.br\/wp-content\/uploads\/2025\/06\/b.png","keywords":["atraso de sal\u00e1rio","comprovante de pagamento","direitos do trabalhador","feriado e sal\u00e1rio","infra\u00e7\u00e3o trabalhista","orienta\u00e7\u00e3o jur\u00eddica trabalhista","pagamento de sal\u00e1rio","prazo legal CLT","quinto dia \u00fatil","rescis\u00e3o indireta"],"articleSection":["Informa\u00e7\u00f5es"],"inLanguage":"en-US","potentialAction":[{"@type":"CommentAction","name":"Comment","target":["https:\/\/giovannamodena.com.br\/?p=1767#respond"]}]},{"@type":"WebPage","@id":"https:\/\/giovannamodena.com.br\/?p=1767","url":"https:\/\/giovannamodena.com.br\/?p=1767","name":"Pagamento de Sal\u00e1rio: Direitos, Datas e Prazos Legais - Giovanna Modena","isPartOf":{"@id":"https:\/\/giovannamodena.com.br\/#website"},"primaryImageOfPage":{"@id":"https:\/\/giovannamodena.com.br\/?p=1767#primaryimage"},"image":{"@id":"https:\/\/giovannamodena.com.br\/?p=1767#primaryimage"},"thumbnailUrl":"https:\/\/giovannamodena.com.br\/wp-content\/uploads\/2025\/06\/b.png","datePublished":"2025-06-04T19:04:09+00:00","dateModified":"2025-06-13T12:10:29+00:00","breadcrumb":{"@id":"https:\/\/giovannamodena.com.br\/?p=1767#breadcrumb"},"inLanguage":"en-US","potentialAction":[{"@type":"ReadAction","target":["https:\/\/giovannamodena.com.br\/?p=1767"]}]},{"@type":"ImageObject","inLanguage":"en-US","@id":"https:\/\/giovannamodena.com.br\/?p=1767#primaryimage","url":"https:\/\/giovannamodena.com.br\/wp-content\/uploads\/2025\/06\/b.png","contentUrl":"https:\/\/giovannamodena.com.br\/wp-content\/uploads\/2025\/06\/b.png","width":469,"height":235,"caption":"Pilhas de moeda"},{"@type":"BreadcrumbList","@id":"https:\/\/giovannamodena.com.br\/?p=1767#breadcrumb","itemListElement":[{"@type":"ListItem","position":1,"name":"Home","item":"https:\/\/giovannamodena.com.br\/"},{"@type":"ListItem","position":2,"name":"Pagamento de Sal\u00e1rio: Direitos, Datas e Prazos Legais"}]},{"@type":"WebSite","@id":"https:\/\/giovannamodena.com.br\/#website","url":"https:\/\/giovannamodena.com.br\/","name":"Giovanna Modena","description":"","publisher":{"@id":"https:\/\/giovannamodena.com.br\/#organization"},"potentialAction":[{"@type":"SearchAction","target":{"@type":"EntryPoint","urlTemplate":"https:\/\/giovannamodena.com.br\/?s={search_term_string}"},"query-input":{"@type":"PropertyValueSpecification","valueRequired":true,"valueName":"search_term_string"}}],"inLanguage":"en-US"},{"@type":"Organization","@id":"https:\/\/giovannamodena.com.br\/#organization","name":"Giovanna Modena","url":"https:\/\/giovannamodena.com.br\/","logo":{"@type":"ImageObject","inLanguage":"en-US","@id":"https:\/\/giovannamodena.com.br\/#\/schema\/logo\/image\/","url":"https:\/\/giovannamodena.com.br\/wp-content\/uploads\/2023\/11\/preto.png","contentUrl":"https:\/\/giovannamodena.com.br\/wp-content\/uploads\/2023\/11\/preto.png","width":200,"height":57,"caption":"Giovanna Modena"},"image":{"@id":"https:\/\/giovannamodena.com.br\/#\/schema\/logo\/image\/"}},{"@type":"Person","@id":"https:\/\/giovannamodena.com.br\/#\/schema\/person\/4cff5cb4c6ed65168967adb763cb27e6","name":"Giovanna Soares","image":{"@type":"ImageObject","inLanguage":"en-US","@id":"https:\/\/secure.gravatar.com\/avatar\/2fdd46b47d9b733f3f8943bdff730c0258e12b0289fae72b70270a6b37335413?s=96&d=mm&r=g","url":"https:\/\/secure.gravatar.com\/avatar\/2fdd46b47d9b733f3f8943bdff730c0258e12b0289fae72b70270a6b37335413?s=96&d=mm&r=g","contentUrl":"https:\/\/secure.gravatar.com\/avatar\/2fdd46b47d9b733f3f8943bdff730c0258e12b0289fae72b70270a6b37335413?s=96&d=mm&r=g","caption":"Giovanna Soares"},"url":"https:\/\/giovannamodena.com.br\/?author=6"}]}},"_links":{"self":[{"href":"https:\/\/giovannamodena.com.br\/index.php?rest_route=\/wp\/v2\/posts\/1767","targetHints":{"allow":["GET"]}}],"collection":[{"href":"https:\/\/giovannamodena.com.br\/index.php?rest_route=\/wp\/v2\/posts"}],"about":[{"href":"https:\/\/giovannamodena.com.br\/index.php?rest_route=\/wp\/v2\/types\/post"}],"author":[{"embeddable":true,"href":"https:\/\/giovannamodena.com.br\/index.php?rest_route=\/wp\/v2\/users\/6"}],"replies":[{"embeddable":true,"href":"https:\/\/giovannamodena.com.br\/index.php?rest_route=%2Fwp%2Fv2%2Fcomments&post=1767"}],"version-history":[{"count":5,"href":"https:\/\/giovannamodena.com.br\/index.php?rest_route=\/wp\/v2\/posts\/1767\/revisions"}],"predecessor-version":[{"id":1789,"href":"https:\/\/giovannamodena.com.br\/index.php?rest_route=\/wp\/v2\/posts\/1767\/revisions\/1789"}],"wp:featuredmedia":[{"embeddable":true,"href":"https:\/\/giovannamodena.com.br\/index.php?rest_route=\/wp\/v2\/media\/1769"}],"wp:attachment":[{"href":"https:\/\/giovannamodena.com.br\/index.php?rest_route=%2Fwp%2Fv2%2Fmedia&parent=1767"}],"wp:term":[{"taxonomy":"category","embeddable":true,"href":"https:\/\/giovannamodena.com.br\/index.php?rest_route=%2Fwp%2Fv2%2Fcategories&post=1767"},{"taxonomy":"post_tag","embeddable":true,"href":"https:\/\/giovannamodena.com.br\/index.php?rest_route=%2Fwp%2Fv2%2Ftags&post=1767"}],"curies":[{"name":"wp","href":"https:\/\/api.w.org\/{rel}","templated":true}]}}