{"id":1489,"date":"2022-06-19T19:20:26","date_gmt":"2022-06-19T22:20:26","guid":{"rendered":"https:\/\/giovannamodena.com.br\/?p=1489"},"modified":"2022-06-19T19:52:34","modified_gmt":"2022-06-19T22:52:34","slug":"distribuicao-do-onus-da-prova-na-justica-do-trabalho","status":"publish","type":"post","link":"https:\/\/giovannamodena.com.br\/?p=1489","title":{"rendered":"Distribui\u00e7\u00e3o do \u00f4nus da prova na justi\u00e7a do trabalho"},"content":{"rendered":"\n<p>Independentemente das regras atinentes \u00e0 distribui\u00e7\u00e3o de provas entre as partes, a doutrina e jurisprud\u00eancia v\u00eam admitindo em alguns casos a invers\u00e3o do \u00f4nus da prova que, inicialmente seria do trabalhador para a empresa, objetivando assim proteger a parte hipossuficiente da rela\u00e7\u00e3o jur\u00eddica trabalhista. Dessa forma na justi\u00e7a do trabalho h\u00e1 uma tend\u00eancia, baseada na maior fragilidade do empregado nas rela\u00e7\u00f5es de emprego, que tenta dar maior \u00f4nus de prova ao empregador.<\/p>\n\n\n\n<p>A moderna doutrina e jurisprud\u00eancia apresentam interpreta\u00e7\u00f5es mais flex\u00edveis das regras de repara\u00e7\u00f5es do \u00f4nus da prova fixadas nos artigos 818, da CLT e 333, do CPC, assegurando mais efetividade ao acesso \u00e0 ordem jur\u00eddica justa e n\u00e3o inviabilizar a tutela do direito \u00e0 parte que tem raz\u00e3o, mas que n\u00e3o apresenta condi\u00e7\u00f5es de produzir a prova do fato constitutivo do direito. &nbsp;&nbsp;&nbsp;&nbsp;&nbsp;<\/p>\n\n\n\n<p>Desta forma \u00e9 poss\u00edvel o Juiz do Trabalho atribuir encargo probat\u00f3rio \u00e0 parte que tem melhor condi\u00e7\u00e3o de produzir prova. &nbsp;\u00c9 o que a doutrina tem denominado de carga din\u00e2mica na produ\u00e7\u00e3o do \u00f4nus da prova.<\/p>\n\n\n\n<p>Atualmente, existe uma tend\u00eancia baseada nos princ\u00edpios gerais do direito do trabalho de redistribuir o \u00f4nus da prova com maior responsabilidade para o empregador e, visando, e assim, igualar as partes processualmente em decorr\u00eancia da hipossufici\u00eancia observada do empregado quanto \u00e0 sua subordina\u00e7\u00e3o ao empregador e a diversidade econ\u00f4mica.&nbsp; Neste sentido, Luiz Eduardo Boaventura Pacifico, (9- PACIFICO, Luiz Eduardo Boaventura. O \u00f4nus da prova.2.ed. S\u00e3oPaulo: RT,2011.p. 222-223), afirma que :<\/p>\n\n\n\n<blockquote class=\"wp-block-quote is-layout-flow wp-block-quote-is-layout-flow\"><p>\u201c<em>o grande m\u00e9rito do pioneiro estudo sobre o \u00f4nus din\u00e2mico das provas, dos juristas argentinos Jorge W. Peryano e Julio O. Chiappini, no ano de 1976, foi o de revelar essa orienta\u00e7\u00e3o jurisprudencial e sintetizar o princ\u00edpio que acaba sendo, rotineiramente, utilizado em tais procedentes: o \u00f4nus da prova deve recair a parte que se encontra em melhores condi\u00e7\u00f5es profissionais, t\u00e9cnicas ou f\u00e1ticas para produzir a prova do fato controvertido<\/em>\u201d.<\/p><\/blockquote>\n\n\n\n<p>Esta tend\u00eancia da invers\u00e3o do \u00f4nus da prova na Justi\u00e7a do Trabalho \u00e9 em raz\u00e3o das observa\u00e7\u00f5es feitas nas a\u00e7\u00f5es trabalhistas de que at\u00e9 mesmo a prova testemunhal para o empregado \u00e9 dif\u00edcil, pois depende de outros trabalhadores que, muitas vezes, est\u00e3o subordinados ao mesmo empregador, coibindo-lhes a liberdade dos depoimentos afora as demais dificuldades como realiza\u00e7\u00e3o de per\u00edcia, prova documental e falta de meios para exigir comprovante. Por outro lado, as empresas contam com uma estrutura organizacional englobando diversos departamentos como o pessoal, cont\u00e1bil, recursos humanos, jur\u00eddico e, muitas vezes, o contencioso trabalhista.<\/p>\n","protected":false},"excerpt":{"rendered":"<p>Independentemente das regras atinentes \u00e0 distribui\u00e7\u00e3o de provas entre as partes, a doutrina e jurisprud\u00eancia v\u00eam admitindo em alguns casos a invers\u00e3o do \u00f4nus da prova que, inicialmente seria do &#8230;<\/p>\n","protected":false},"author":1,"featured_media":1507,"comment_status":"open","ping_status":"open","sticky":false,"template":"","format":"standard","meta":{"footnotes":""},"categories":[20],"tags":[],"class_list":["post-1489","post","type-post","status-publish","format-standard","has-post-thumbnail","hentry","category-informacoes"],"aioseo_notices":[],"yoast_head":"<!-- This site is optimized with the Yoast SEO plugin v27.5 - https:\/\/yoast.com\/product\/yoast-seo-wordpress\/ -->\n<title>Distribui\u00e7\u00e3o do \u00f4nus da prova na justi\u00e7a do trabalho - Giovanna Modena<\/title>\n<meta name=\"robots\" content=\"index, follow, max-snippet:-1, max-image-preview:large, max-video-preview:-1\" \/>\n<link rel=\"canonical\" href=\"https:\/\/giovannamodena.com.br\/?p=1489\" \/>\n<meta property=\"og:locale\" content=\"en_US\" \/>\n<meta property=\"og:type\" content=\"article\" \/>\n<meta property=\"og:title\" content=\"Distribui\u00e7\u00e3o do \u00f4nus da prova na justi\u00e7a do trabalho - Giovanna Modena\" \/>\n<meta property=\"og:description\" content=\"Independentemente das regras atinentes \u00e0 distribui\u00e7\u00e3o de provas entre as partes, a doutrina e jurisprud\u00eancia v\u00eam admitindo em alguns casos a invers\u00e3o do \u00f4nus da prova que, inicialmente seria do ...\" \/>\n<meta property=\"og:url\" content=\"https:\/\/giovannamodena.com.br\/?p=1489\" \/>\n<meta property=\"og:site_name\" content=\"Giovanna Modena\" \/>\n<meta property=\"article:published_time\" content=\"2022-06-19T22:20:26+00:00\" \/>\n<meta property=\"article:modified_time\" content=\"2022-06-19T22:52:34+00:00\" \/>\n<meta property=\"og:image\" content=\"https:\/\/giovannamodena.com.br\/wp-content\/uploads\/2022\/06\/image8.png\" \/>\n\t<meta property=\"og:image:width\" content=\"300\" \/>\n\t<meta property=\"og:image:height\" content=\"150\" \/>\n\t<meta property=\"og:image:type\" content=\"image\/png\" \/>\n<meta name=\"author\" content=\"Giovanna\" \/>\n<meta name=\"twitter:card\" content=\"summary_large_image\" \/>\n<meta name=\"twitter:label1\" content=\"Written by\" \/>\n\t<meta name=\"twitter:data1\" content=\"Giovanna\" \/>\n\t<meta name=\"twitter:label2\" content=\"Est. reading time\" \/>\n\t<meta name=\"twitter:data2\" content=\"2 minutes\" \/>\n<script type=\"application\/ld+json\" class=\"yoast-schema-graph\">{\"@context\":\"https:\\\/\\\/schema.org\",\"@graph\":[{\"@type\":\"Article\",\"@id\":\"https:\\\/\\\/giovannamodena.com.br\\\/?p=1489#article\",\"isPartOf\":{\"@id\":\"https:\\\/\\\/giovannamodena.com.br\\\/?p=1489\"},\"author\":{\"name\":\"Giovanna\",\"@id\":\"https:\\\/\\\/giovannamodena.com.br\\\/#\\\/schema\\\/person\\\/165492b7ed212264e913b0681874052b\"},\"headline\":\"Distribui\u00e7\u00e3o do \u00f4nus da prova na justi\u00e7a do trabalho\",\"datePublished\":\"2022-06-19T22:20:26+00:00\",\"dateModified\":\"2022-06-19T22:52:34+00:00\",\"mainEntityOfPage\":{\"@id\":\"https:\\\/\\\/giovannamodena.com.br\\\/?p=1489\"},\"wordCount\":460,\"commentCount\":0,\"publisher\":{\"@id\":\"https:\\\/\\\/giovannamodena.com.br\\\/#organization\"},\"image\":{\"@id\":\"https:\\\/\\\/giovannamodena.com.br\\\/?p=1489#primaryimage\"},\"thumbnailUrl\":\"https:\\\/\\\/giovannamodena.com.br\\\/wp-content\\\/uploads\\\/2022\\\/06\\\/image8.png\",\"articleSection\":[\"Informa\u00e7\u00f5es\"],\"inLanguage\":\"en-US\",\"potentialAction\":[{\"@type\":\"CommentAction\",\"name\":\"Comment\",\"target\":[\"https:\\\/\\\/giovannamodena.com.br\\\/?p=1489#respond\"]}]},{\"@type\":\"WebPage\",\"@id\":\"https:\\\/\\\/giovannamodena.com.br\\\/?p=1489\",\"url\":\"https:\\\/\\\/giovannamodena.com.br\\\/?p=1489\",\"name\":\"Distribui\u00e7\u00e3o do \u00f4nus da prova na justi\u00e7a do trabalho - Giovanna Modena\",\"isPartOf\":{\"@id\":\"https:\\\/\\\/giovannamodena.com.br\\\/#website\"},\"primaryImageOfPage\":{\"@id\":\"https:\\\/\\\/giovannamodena.com.br\\\/?p=1489#primaryimage\"},\"image\":{\"@id\":\"https:\\\/\\\/giovannamodena.com.br\\\/?p=1489#primaryimage\"},\"thumbnailUrl\":\"https:\\\/\\\/giovannamodena.com.br\\\/wp-content\\\/uploads\\\/2022\\\/06\\\/image8.png\",\"datePublished\":\"2022-06-19T22:20:26+00:00\",\"dateModified\":\"2022-06-19T22:52:34+00:00\",\"breadcrumb\":{\"@id\":\"https:\\\/\\\/giovannamodena.com.br\\\/?p=1489#breadcrumb\"},\"inLanguage\":\"en-US\",\"potentialAction\":[{\"@type\":\"ReadAction\",\"target\":[\"https:\\\/\\\/giovannamodena.com.br\\\/?p=1489\"]}]},{\"@type\":\"ImageObject\",\"inLanguage\":\"en-US\",\"@id\":\"https:\\\/\\\/giovannamodena.com.br\\\/?p=1489#primaryimage\",\"url\":\"https:\\\/\\\/giovannamodena.com.br\\\/wp-content\\\/uploads\\\/2022\\\/06\\\/image8.png\",\"contentUrl\":\"https:\\\/\\\/giovannamodena.com.br\\\/wp-content\\\/uploads\\\/2022\\\/06\\\/image8.png\",\"width\":300,\"height\":150,\"caption\":\"Martelo Juiz 2\"},{\"@type\":\"BreadcrumbList\",\"@id\":\"https:\\\/\\\/giovannamodena.com.br\\\/?p=1489#breadcrumb\",\"itemListElement\":[{\"@type\":\"ListItem\",\"position\":1,\"name\":\"Home\",\"item\":\"https:\\\/\\\/giovannamodena.com.br\\\/\"},{\"@type\":\"ListItem\",\"position\":2,\"name\":\"Distribui\u00e7\u00e3o do \u00f4nus da prova na justi\u00e7a do trabalho\"}]},{\"@type\":\"WebSite\",\"@id\":\"https:\\\/\\\/giovannamodena.com.br\\\/#website\",\"url\":\"https:\\\/\\\/giovannamodena.com.br\\\/\",\"name\":\"Giovanna Modena\",\"description\":\"\",\"publisher\":{\"@id\":\"https:\\\/\\\/giovannamodena.com.br\\\/#organization\"},\"potentialAction\":[{\"@type\":\"SearchAction\",\"target\":{\"@type\":\"EntryPoint\",\"urlTemplate\":\"https:\\\/\\\/giovannamodena.com.br\\\/?s={search_term_string}\"},\"query-input\":{\"@type\":\"PropertyValueSpecification\",\"valueRequired\":true,\"valueName\":\"search_term_string\"}}],\"inLanguage\":\"en-US\"},{\"@type\":\"Organization\",\"@id\":\"https:\\\/\\\/giovannamodena.com.br\\\/#organization\",\"name\":\"Giovanna Modena\",\"url\":\"https:\\\/\\\/giovannamodena.com.br\\\/\",\"logo\":{\"@type\":\"ImageObject\",\"inLanguage\":\"en-US\",\"@id\":\"https:\\\/\\\/giovannamodena.com.br\\\/#\\\/schema\\\/logo\\\/image\\\/\",\"url\":\"https:\\\/\\\/giovannamodena.com.br\\\/wp-content\\\/uploads\\\/2023\\\/11\\\/preto.png\",\"contentUrl\":\"https:\\\/\\\/giovannamodena.com.br\\\/wp-content\\\/uploads\\\/2023\\\/11\\\/preto.png\",\"width\":200,\"height\":57,\"caption\":\"Giovanna Modena\"},\"image\":{\"@id\":\"https:\\\/\\\/giovannamodena.com.br\\\/#\\\/schema\\\/logo\\\/image\\\/\"}},{\"@type\":\"Person\",\"@id\":\"https:\\\/\\\/giovannamodena.com.br\\\/#\\\/schema\\\/person\\\/165492b7ed212264e913b0681874052b\",\"name\":\"Giovanna\",\"image\":{\"@type\":\"ImageObject\",\"inLanguage\":\"en-US\",\"@id\":\"https:\\\/\\\/secure.gravatar.com\\\/avatar\\\/67928cbd1bcecaf08f0c878a62ce56bd329b5540aa0041efd94f350a82a2bdc3?s=96&d=mm&r=g\",\"url\":\"https:\\\/\\\/secure.gravatar.com\\\/avatar\\\/67928cbd1bcecaf08f0c878a62ce56bd329b5540aa0041efd94f350a82a2bdc3?s=96&d=mm&r=g\",\"contentUrl\":\"https:\\\/\\\/secure.gravatar.com\\\/avatar\\\/67928cbd1bcecaf08f0c878a62ce56bd329b5540aa0041efd94f350a82a2bdc3?s=96&d=mm&r=g\",\"caption\":\"Giovanna\"},\"sameAs\":[\"http:\\\/\\\/giovannamodena.com.br\"],\"url\":\"https:\\\/\\\/giovannamodena.com.br\\\/?author=1\"}]}<\/script>\n<!-- \/ Yoast SEO plugin. -->","yoast_head_json":{"title":"Distribui\u00e7\u00e3o do \u00f4nus da prova na justi\u00e7a do trabalho - Giovanna Modena","robots":{"index":"index","follow":"follow","max-snippet":"max-snippet:-1","max-image-preview":"max-image-preview:large","max-video-preview":"max-video-preview:-1"},"canonical":"https:\/\/giovannamodena.com.br\/?p=1489","og_locale":"en_US","og_type":"article","og_title":"Distribui\u00e7\u00e3o do \u00f4nus da prova na justi\u00e7a do trabalho - Giovanna Modena","og_description":"Independentemente das regras atinentes \u00e0 distribui\u00e7\u00e3o de provas entre as partes, a doutrina e jurisprud\u00eancia v\u00eam admitindo em alguns casos a invers\u00e3o do \u00f4nus da prova que, inicialmente seria do ...","og_url":"https:\/\/giovannamodena.com.br\/?p=1489","og_site_name":"Giovanna Modena","article_published_time":"2022-06-19T22:20:26+00:00","article_modified_time":"2022-06-19T22:52:34+00:00","og_image":[{"width":300,"height":150,"url":"https:\/\/giovannamodena.com.br\/wp-content\/uploads\/2022\/06\/image8.png","type":"image\/png"}],"author":"Giovanna","twitter_card":"summary_large_image","twitter_misc":{"Written by":"Giovanna","Est. reading time":"2 minutes"},"schema":{"@context":"https:\/\/schema.org","@graph":[{"@type":"Article","@id":"https:\/\/giovannamodena.com.br\/?p=1489#article","isPartOf":{"@id":"https:\/\/giovannamodena.com.br\/?p=1489"},"author":{"name":"Giovanna","@id":"https:\/\/giovannamodena.com.br\/#\/schema\/person\/165492b7ed212264e913b0681874052b"},"headline":"Distribui\u00e7\u00e3o do \u00f4nus da prova na justi\u00e7a do trabalho","datePublished":"2022-06-19T22:20:26+00:00","dateModified":"2022-06-19T22:52:34+00:00","mainEntityOfPage":{"@id":"https:\/\/giovannamodena.com.br\/?p=1489"},"wordCount":460,"commentCount":0,"publisher":{"@id":"https:\/\/giovannamodena.com.br\/#organization"},"image":{"@id":"https:\/\/giovannamodena.com.br\/?p=1489#primaryimage"},"thumbnailUrl":"https:\/\/giovannamodena.com.br\/wp-content\/uploads\/2022\/06\/image8.png","articleSection":["Informa\u00e7\u00f5es"],"inLanguage":"en-US","potentialAction":[{"@type":"CommentAction","name":"Comment","target":["https:\/\/giovannamodena.com.br\/?p=1489#respond"]}]},{"@type":"WebPage","@id":"https:\/\/giovannamodena.com.br\/?p=1489","url":"https:\/\/giovannamodena.com.br\/?p=1489","name":"Distribui\u00e7\u00e3o do \u00f4nus da prova na justi\u00e7a do trabalho - Giovanna Modena","isPartOf":{"@id":"https:\/\/giovannamodena.com.br\/#website"},"primaryImageOfPage":{"@id":"https:\/\/giovannamodena.com.br\/?p=1489#primaryimage"},"image":{"@id":"https:\/\/giovannamodena.com.br\/?p=1489#primaryimage"},"thumbnailUrl":"https:\/\/giovannamodena.com.br\/wp-content\/uploads\/2022\/06\/image8.png","datePublished":"2022-06-19T22:20:26+00:00","dateModified":"2022-06-19T22:52:34+00:00","breadcrumb":{"@id":"https:\/\/giovannamodena.com.br\/?p=1489#breadcrumb"},"inLanguage":"en-US","potentialAction":[{"@type":"ReadAction","target":["https:\/\/giovannamodena.com.br\/?p=1489"]}]},{"@type":"ImageObject","inLanguage":"en-US","@id":"https:\/\/giovannamodena.com.br\/?p=1489#primaryimage","url":"https:\/\/giovannamodena.com.br\/wp-content\/uploads\/2022\/06\/image8.png","contentUrl":"https:\/\/giovannamodena.com.br\/wp-content\/uploads\/2022\/06\/image8.png","width":300,"height":150,"caption":"Martelo Juiz 2"},{"@type":"BreadcrumbList","@id":"https:\/\/giovannamodena.com.br\/?p=1489#breadcrumb","itemListElement":[{"@type":"ListItem","position":1,"name":"Home","item":"https:\/\/giovannamodena.com.br\/"},{"@type":"ListItem","position":2,"name":"Distribui\u00e7\u00e3o do \u00f4nus da prova na justi\u00e7a do trabalho"}]},{"@type":"WebSite","@id":"https:\/\/giovannamodena.com.br\/#website","url":"https:\/\/giovannamodena.com.br\/","name":"Giovanna Modena","description":"","publisher":{"@id":"https:\/\/giovannamodena.com.br\/#organization"},"potentialAction":[{"@type":"SearchAction","target":{"@type":"EntryPoint","urlTemplate":"https:\/\/giovannamodena.com.br\/?s={search_term_string}"},"query-input":{"@type":"PropertyValueSpecification","valueRequired":true,"valueName":"search_term_string"}}],"inLanguage":"en-US"},{"@type":"Organization","@id":"https:\/\/giovannamodena.com.br\/#organization","name":"Giovanna Modena","url":"https:\/\/giovannamodena.com.br\/","logo":{"@type":"ImageObject","inLanguage":"en-US","@id":"https:\/\/giovannamodena.com.br\/#\/schema\/logo\/image\/","url":"https:\/\/giovannamodena.com.br\/wp-content\/uploads\/2023\/11\/preto.png","contentUrl":"https:\/\/giovannamodena.com.br\/wp-content\/uploads\/2023\/11\/preto.png","width":200,"height":57,"caption":"Giovanna Modena"},"image":{"@id":"https:\/\/giovannamodena.com.br\/#\/schema\/logo\/image\/"}},{"@type":"Person","@id":"https:\/\/giovannamodena.com.br\/#\/schema\/person\/165492b7ed212264e913b0681874052b","name":"Giovanna","image":{"@type":"ImageObject","inLanguage":"en-US","@id":"https:\/\/secure.gravatar.com\/avatar\/67928cbd1bcecaf08f0c878a62ce56bd329b5540aa0041efd94f350a82a2bdc3?s=96&d=mm&r=g","url":"https:\/\/secure.gravatar.com\/avatar\/67928cbd1bcecaf08f0c878a62ce56bd329b5540aa0041efd94f350a82a2bdc3?s=96&d=mm&r=g","contentUrl":"https:\/\/secure.gravatar.com\/avatar\/67928cbd1bcecaf08f0c878a62ce56bd329b5540aa0041efd94f350a82a2bdc3?s=96&d=mm&r=g","caption":"Giovanna"},"sameAs":["http:\/\/giovannamodena.com.br"],"url":"https:\/\/giovannamodena.com.br\/?author=1"}]}},"_links":{"self":[{"href":"https:\/\/giovannamodena.com.br\/index.php?rest_route=\/wp\/v2\/posts\/1489","targetHints":{"allow":["GET"]}}],"collection":[{"href":"https:\/\/giovannamodena.com.br\/index.php?rest_route=\/wp\/v2\/posts"}],"about":[{"href":"https:\/\/giovannamodena.com.br\/index.php?rest_route=\/wp\/v2\/types\/post"}],"author":[{"embeddable":true,"href":"https:\/\/giovannamodena.com.br\/index.php?rest_route=\/wp\/v2\/users\/1"}],"replies":[{"embeddable":true,"href":"https:\/\/giovannamodena.com.br\/index.php?rest_route=%2Fwp%2Fv2%2Fcomments&post=1489"}],"version-history":[{"count":2,"href":"https:\/\/giovannamodena.com.br\/index.php?rest_route=\/wp\/v2\/posts\/1489\/revisions"}],"predecessor-version":[{"id":1508,"href":"https:\/\/giovannamodena.com.br\/index.php?rest_route=\/wp\/v2\/posts\/1489\/revisions\/1508"}],"wp:featuredmedia":[{"embeddable":true,"href":"https:\/\/giovannamodena.com.br\/index.php?rest_route=\/wp\/v2\/media\/1507"}],"wp:attachment":[{"href":"https:\/\/giovannamodena.com.br\/index.php?rest_route=%2Fwp%2Fv2%2Fmedia&parent=1489"}],"wp:term":[{"taxonomy":"category","embeddable":true,"href":"https:\/\/giovannamodena.com.br\/index.php?rest_route=%2Fwp%2Fv2%2Fcategories&post=1489"},{"taxonomy":"post_tag","embeddable":true,"href":"https:\/\/giovannamodena.com.br\/index.php?rest_route=%2Fwp%2Fv2%2Ftags&post=1489"}],"curies":[{"name":"wp","href":"https:\/\/api.w.org\/{rel}","templated":true}]}}