{"id":1487,"date":"2022-06-19T19:19:33","date_gmt":"2022-06-19T22:19:33","guid":{"rendered":"https:\/\/giovannamodena.com.br\/?p=1487"},"modified":"2025-06-13T09:17:07","modified_gmt":"2025-06-13T12:17:07","slug":"a-consequencia-da-aplicacao-da-responsabilidade-subsidiaria-nas-relacoes-entre-empregado-e-empregador-aplicacao-da-lei-13-467-2017","status":"publish","type":"post","link":"https:\/\/giovannamodena.com.br\/?p=1487","title":{"rendered":"Aplica\u00e7\u00e3o da Responsabilidade Subsidi\u00e1ria na CLT"},"content":{"rendered":"\n<p>Segundo o atual crit\u00e9rio legal, admite-se a terceiriza\u00e7\u00e3o de forma ampla, ou seja, de quaisquer das atividades da contratante (tomadora), inclusive de sua atividade principal, como j\u00e1 demonstrado no item 3 de presente trabalho.<\/p>\n\n\n\n<p>Mais recentemente, o Supremo Tribunal Federal fixou a seguinte tese de repercuss\u00e3o geral:<\/p>\n\n\n\n<blockquote class=\"wp-block-quote is-layout-flow wp-block-quote-is-layout-flow\"><p><em>\u201c\u00c9 l\u00edcita a terceiriza\u00e7\u00e3o ou qualquer outra forma de divis\u00e3o do trabalho entre pessoas jur\u00eddicas distintas, independentemente do objeto social das empresas envolvidas, mantida a responsabilidade subsidi\u00e1ria da empresa contratante\u201d (STF, Pleno, RE 958.252\/MG, rel. min. Luiz Fux, j. 30\/8\/2018).<\/em><\/p><\/blockquote>\n\n\n\n<p>O Supremo Tribunal Federal tamb\u00e9m julgou procedente a argui\u00e7\u00e3o de descumprimento de preceito fundamental em que se questionou a constitucionalidade da interpreta\u00e7\u00e3o adotada em reiteradas decis\u00f5es da Justi\u00e7a do Trabalho que restringiam a terceiriza\u00e7\u00e3o com base na S\u00famula 331 do Tribunal Superior do Trabalho.<\/p>\n\n\n\n<p>Ainda assim, salvo no caso de trabalho tempor\u00e1rio, entende-se que a intermedia\u00e7\u00e3o de m\u00e3o de obra n\u00e3o deve ser admitida, por resultar em fraude ao v\u00ednculo de emprego com o efetivo empregador (artigo 9\u00ba da CLT) e em viola\u00e7\u00e3o ao valor social do trabalho (artigo 1\u00ba, inciso IV, da Constitui\u00e7\u00e3o da Rep\u00fablica), o qual n\u00e3o pode ser tratado como mercadoria conforme Declara\u00e7\u00e3o de Filad\u00e9lfia, da Organiza\u00e7\u00e3o Internacional do Trabalho, item I, a).<\/p>\n\n\n\n<p>Desse modo, a terceiriza\u00e7\u00e3o deve envolver a presta\u00e7\u00e3o de servi\u00e7os, e n\u00e3o o fornecimento de trabalhadores por meio de empresa interposta.<\/p>\n\n\n\n<p>Isso \u00e9 confirmado pelo artigo 5\u00ba-B da Lei 6.019\/1974, inclu\u00eddo pela Lei 13.429\/2017, no sentido de que o contrato de presta\u00e7\u00e3o de servi\u00e7os deve conter: qualifica\u00e7\u00e3o das partes; especifica\u00e7\u00e3o do servi\u00e7o a ser prestado; prazo para realiza\u00e7\u00e3o do servi\u00e7o, quando for o caso; e valor.<\/p>\n\n\n\n<p>Al\u00e9m disso, a empresa prestadora de servi\u00e7os contrata, remunera e dirige o trabalho realizado por seus trabalhadores, ou subcontrata outras empresas para realiza\u00e7\u00e3o desses servi\u00e7os (artigo 4\u00ba-A, par\u00e1grafo 1\u00ba, da Lei 6.019\/1974, inclu\u00eddo pela Lei 13.429\/2017).<\/p>\n\n\n\n<p>A parte final desse dispositivo expressamente permite a chamada terceiriza\u00e7\u00e3o em cadeia, em que a empresa prestadora de servi\u00e7os subcontrata outras empresas para a realiza\u00e7\u00e3o dos servi\u00e7os contratados pela empresa tomadora. A rigor, essa hip\u00f3tese pode se distinguir da quarteiriza\u00e7\u00e3o, na qual certa empresa \u00e9 contratada para administrar e gerir os diversos contratos de presta\u00e7\u00e3o de servi\u00e7os mantidos pela empresa contratante.<\/p>\n\n\n\n<p>A empresa contratante (tomadora) \u00e9 subsidiariamente respons\u00e1vel pelas obriga\u00e7\u00f5es trabalhistas referentes ao per\u00edodo em que ocorrer a presta\u00e7\u00e3o de servi\u00e7os (como j\u00e1 se previa na S\u00famula 331, itens IV e VI, do TST), e o recolhimento das contribui\u00e7\u00f5es previdenci\u00e1rias deve observar o disposto no artigo 31 da Lei 8.212\/1991 (artigo 5\u00ba-A, par\u00e1grafo 5\u00ba, da Lei 6.019\/1974, inclu\u00eddo pela Lei 13.429\/2017).<\/p>\n\n\n\n<p>Ainda quanto ao tema, o Supremo Tribunal Federal fixou a seguinte tese de repercuss\u00e3o geral: \u201cO inadimplemento dos encargos trabalhistas dos empregados do contratado n\u00e3o transfere automaticamente ao Poder P\u00fablico contratante a responsabilidade pelo seu pagamento, seja em car\u00e1ter solid\u00e1rio ou subsidi\u00e1rio, nos termos do art. 71, \u00a7 1\u00ba, da Lei n\u00ba 8.666\/93\u201d (STF, Pleno, RE 760.931\/DF, DJe 2\/5\/2017).<\/p>\n\n\n\n<p>Por fim, cabe o registro de que paras a caracteriza\u00e7\u00e3o da responsabilidade subsidi\u00e1ria do empregador, \u00e9 necess\u00e1rio a observ\u00e2ncia da lei 6.019\/74, onde \u00e9 certo que a empresa contratante \u00e9 respons\u00e1vel subsidiariamente pelas obriga\u00e7\u00f5es trabalhistas referente ao per\u00edodo em que ocorrer a presta\u00e7\u00e3o de servi\u00e7os.<\/p>\n","protected":false},"excerpt":{"rendered":"<p>Segundo o atual crit\u00e9rio legal, admite-se a terceiriza\u00e7\u00e3o de forma ampla, ou seja, de quaisquer das atividades da contratante (tomadora), inclusive de sua atividade principal, como j\u00e1 demonstrado no item &#8230;<\/p>\n","protected":false},"author":1,"featured_media":1505,"comment_status":"open","ping_status":"open","sticky":false,"template":"","format":"standard","meta":{"footnotes":""},"categories":[20],"tags":[],"class_list":["post-1487","post","type-post","status-publish","format-standard","has-post-thumbnail","hentry","category-informacoes"],"aioseo_notices":[],"yoast_head":"<!-- This site is optimized with the Yoast SEO plugin v27.5 - https:\/\/yoast.com\/product\/yoast-seo-wordpress\/ -->\n<title>Aplica\u00e7\u00e3o da Responsabilidade Subsidi\u00e1ria na CLT - Giovanna Modena<\/title>\n<meta name=\"robots\" content=\"index, follow, max-snippet:-1, max-image-preview:large, max-video-preview:-1\" \/>\n<link rel=\"canonical\" href=\"https:\/\/giovannamodena.com.br\/?p=1487\" \/>\n<meta property=\"og:locale\" content=\"en_US\" \/>\n<meta property=\"og:type\" content=\"article\" \/>\n<meta property=\"og:title\" content=\"Aplica\u00e7\u00e3o da Responsabilidade Subsidi\u00e1ria na CLT - Giovanna Modena\" \/>\n<meta property=\"og:description\" content=\"Segundo o atual crit\u00e9rio legal, admite-se a terceiriza\u00e7\u00e3o de forma ampla, ou seja, de quaisquer das atividades da contratante (tomadora), inclusive de sua atividade principal, como j\u00e1 demonstrado no item ...\" \/>\n<meta property=\"og:url\" content=\"https:\/\/giovannamodena.com.br\/?p=1487\" \/>\n<meta property=\"og:site_name\" content=\"Giovanna Modena\" \/>\n<meta property=\"article:published_time\" content=\"2022-06-19T22:19:33+00:00\" \/>\n<meta property=\"article:modified_time\" content=\"2025-06-13T12:17:07+00:00\" \/>\n<meta property=\"og:image\" content=\"http:\/\/giovannamodena.com.br\/wp-content\/uploads\/2022\/06\/image7.png\" \/>\n\t<meta property=\"og:image:width\" content=\"300\" \/>\n\t<meta property=\"og:image:height\" content=\"150\" \/>\n\t<meta property=\"og:image:type\" content=\"image\/png\" \/>\n<meta name=\"author\" content=\"Giovanna\" \/>\n<meta name=\"twitter:card\" content=\"summary_large_image\" \/>\n<meta name=\"twitter:label1\" content=\"Written by\" \/>\n\t<meta name=\"twitter:data1\" content=\"Giovanna\" \/>\n\t<meta name=\"twitter:label2\" content=\"Est. reading time\" \/>\n\t<meta name=\"twitter:data2\" content=\"1 minute\" \/>\n<script type=\"application\/ld+json\" class=\"yoast-schema-graph\">{\"@context\":\"https:\\\/\\\/schema.org\",\"@graph\":[{\"@type\":\"Article\",\"@id\":\"https:\\\/\\\/giovannamodena.com.br\\\/?p=1487#article\",\"isPartOf\":{\"@id\":\"https:\\\/\\\/giovannamodena.com.br\\\/?p=1487\"},\"author\":{\"name\":\"Giovanna\",\"@id\":\"https:\\\/\\\/giovannamodena.com.br\\\/#\\\/schema\\\/person\\\/165492b7ed212264e913b0681874052b\"},\"headline\":\"Aplica\u00e7\u00e3o da Responsabilidade Subsidi\u00e1ria na CLT\",\"datePublished\":\"2022-06-19T22:19:33+00:00\",\"dateModified\":\"2025-06-13T12:17:07+00:00\",\"mainEntityOfPage\":{\"@id\":\"https:\\\/\\\/giovannamodena.com.br\\\/?p=1487\"},\"wordCount\":587,\"commentCount\":0,\"publisher\":{\"@id\":\"https:\\\/\\\/giovannamodena.com.br\\\/#organization\"},\"image\":{\"@id\":\"https:\\\/\\\/giovannamodena.com.br\\\/?p=1487#primaryimage\"},\"thumbnailUrl\":\"https:\\\/\\\/giovannamodena.com.br\\\/wp-content\\\/uploads\\\/2022\\\/06\\\/image7.png\",\"articleSection\":[\"Informa\u00e7\u00f5es\"],\"inLanguage\":\"en-US\",\"potentialAction\":[{\"@type\":\"CommentAction\",\"name\":\"Comment\",\"target\":[\"https:\\\/\\\/giovannamodena.com.br\\\/?p=1487#respond\"]}]},{\"@type\":\"WebPage\",\"@id\":\"https:\\\/\\\/giovannamodena.com.br\\\/?p=1487\",\"url\":\"https:\\\/\\\/giovannamodena.com.br\\\/?p=1487\",\"name\":\"Aplica\u00e7\u00e3o da Responsabilidade Subsidi\u00e1ria na CLT - Giovanna Modena\",\"isPartOf\":{\"@id\":\"https:\\\/\\\/giovannamodena.com.br\\\/#website\"},\"primaryImageOfPage\":{\"@id\":\"https:\\\/\\\/giovannamodena.com.br\\\/?p=1487#primaryimage\"},\"image\":{\"@id\":\"https:\\\/\\\/giovannamodena.com.br\\\/?p=1487#primaryimage\"},\"thumbnailUrl\":\"https:\\\/\\\/giovannamodena.com.br\\\/wp-content\\\/uploads\\\/2022\\\/06\\\/image7.png\",\"datePublished\":\"2022-06-19T22:19:33+00:00\",\"dateModified\":\"2025-06-13T12:17:07+00:00\",\"breadcrumb\":{\"@id\":\"https:\\\/\\\/giovannamodena.com.br\\\/?p=1487#breadcrumb\"},\"inLanguage\":\"en-US\",\"potentialAction\":[{\"@type\":\"ReadAction\",\"target\":[\"https:\\\/\\\/giovannamodena.com.br\\\/?p=1487\"]}]},{\"@type\":\"ImageObject\",\"inLanguage\":\"en-US\",\"@id\":\"https:\\\/\\\/giovannamodena.com.br\\\/?p=1487#primaryimage\",\"url\":\"https:\\\/\\\/giovannamodena.com.br\\\/wp-content\\\/uploads\\\/2022\\\/06\\\/image7.png\",\"contentUrl\":\"https:\\\/\\\/giovannamodena.com.br\\\/wp-content\\\/uploads\\\/2022\\\/06\\\/image7.png\",\"width\":300,\"height\":150},{\"@type\":\"BreadcrumbList\",\"@id\":\"https:\\\/\\\/giovannamodena.com.br\\\/?p=1487#breadcrumb\",\"itemListElement\":[{\"@type\":\"ListItem\",\"position\":1,\"name\":\"Home\",\"item\":\"https:\\\/\\\/giovannamodena.com.br\\\/\"},{\"@type\":\"ListItem\",\"position\":2,\"name\":\"Aplica\u00e7\u00e3o da Responsabilidade Subsidi\u00e1ria na CLT\"}]},{\"@type\":\"WebSite\",\"@id\":\"https:\\\/\\\/giovannamodena.com.br\\\/#website\",\"url\":\"https:\\\/\\\/giovannamodena.com.br\\\/\",\"name\":\"Giovanna Modena\",\"description\":\"\",\"publisher\":{\"@id\":\"https:\\\/\\\/giovannamodena.com.br\\\/#organization\"},\"potentialAction\":[{\"@type\":\"SearchAction\",\"target\":{\"@type\":\"EntryPoint\",\"urlTemplate\":\"https:\\\/\\\/giovannamodena.com.br\\\/?s={search_term_string}\"},\"query-input\":{\"@type\":\"PropertyValueSpecification\",\"valueRequired\":true,\"valueName\":\"search_term_string\"}}],\"inLanguage\":\"en-US\"},{\"@type\":\"Organization\",\"@id\":\"https:\\\/\\\/giovannamodena.com.br\\\/#organization\",\"name\":\"Giovanna Modena\",\"url\":\"https:\\\/\\\/giovannamodena.com.br\\\/\",\"logo\":{\"@type\":\"ImageObject\",\"inLanguage\":\"en-US\",\"@id\":\"https:\\\/\\\/giovannamodena.com.br\\\/#\\\/schema\\\/logo\\\/image\\\/\",\"url\":\"https:\\\/\\\/giovannamodena.com.br\\\/wp-content\\\/uploads\\\/2023\\\/11\\\/preto.png\",\"contentUrl\":\"https:\\\/\\\/giovannamodena.com.br\\\/wp-content\\\/uploads\\\/2023\\\/11\\\/preto.png\",\"width\":200,\"height\":57,\"caption\":\"Giovanna Modena\"},\"image\":{\"@id\":\"https:\\\/\\\/giovannamodena.com.br\\\/#\\\/schema\\\/logo\\\/image\\\/\"}},{\"@type\":\"Person\",\"@id\":\"https:\\\/\\\/giovannamodena.com.br\\\/#\\\/schema\\\/person\\\/165492b7ed212264e913b0681874052b\",\"name\":\"Giovanna\",\"image\":{\"@type\":\"ImageObject\",\"inLanguage\":\"en-US\",\"@id\":\"https:\\\/\\\/secure.gravatar.com\\\/avatar\\\/67928cbd1bcecaf08f0c878a62ce56bd329b5540aa0041efd94f350a82a2bdc3?s=96&d=mm&r=g\",\"url\":\"https:\\\/\\\/secure.gravatar.com\\\/avatar\\\/67928cbd1bcecaf08f0c878a62ce56bd329b5540aa0041efd94f350a82a2bdc3?s=96&d=mm&r=g\",\"contentUrl\":\"https:\\\/\\\/secure.gravatar.com\\\/avatar\\\/67928cbd1bcecaf08f0c878a62ce56bd329b5540aa0041efd94f350a82a2bdc3?s=96&d=mm&r=g\",\"caption\":\"Giovanna\"},\"sameAs\":[\"http:\\\/\\\/giovannamodena.com.br\"],\"url\":\"https:\\\/\\\/giovannamodena.com.br\\\/?author=1\"}]}<\/script>\n<!-- \/ Yoast SEO plugin. -->","yoast_head_json":{"title":"Aplica\u00e7\u00e3o da Responsabilidade Subsidi\u00e1ria na CLT - Giovanna Modena","robots":{"index":"index","follow":"follow","max-snippet":"max-snippet:-1","max-image-preview":"max-image-preview:large","max-video-preview":"max-video-preview:-1"},"canonical":"https:\/\/giovannamodena.com.br\/?p=1487","og_locale":"en_US","og_type":"article","og_title":"Aplica\u00e7\u00e3o da Responsabilidade Subsidi\u00e1ria na CLT - Giovanna Modena","og_description":"Segundo o atual crit\u00e9rio legal, admite-se a terceiriza\u00e7\u00e3o de forma ampla, ou seja, de quaisquer das atividades da contratante (tomadora), inclusive de sua atividade principal, como j\u00e1 demonstrado no item ...","og_url":"https:\/\/giovannamodena.com.br\/?p=1487","og_site_name":"Giovanna Modena","article_published_time":"2022-06-19T22:19:33+00:00","article_modified_time":"2025-06-13T12:17:07+00:00","og_image":[{"width":300,"height":150,"url":"http:\/\/giovannamodena.com.br\/wp-content\/uploads\/2022\/06\/image7.png","type":"image\/png"}],"author":"Giovanna","twitter_card":"summary_large_image","twitter_misc":{"Written by":"Giovanna","Est. reading time":"1 minute"},"schema":{"@context":"https:\/\/schema.org","@graph":[{"@type":"Article","@id":"https:\/\/giovannamodena.com.br\/?p=1487#article","isPartOf":{"@id":"https:\/\/giovannamodena.com.br\/?p=1487"},"author":{"name":"Giovanna","@id":"https:\/\/giovannamodena.com.br\/#\/schema\/person\/165492b7ed212264e913b0681874052b"},"headline":"Aplica\u00e7\u00e3o da Responsabilidade Subsidi\u00e1ria na CLT","datePublished":"2022-06-19T22:19:33+00:00","dateModified":"2025-06-13T12:17:07+00:00","mainEntityOfPage":{"@id":"https:\/\/giovannamodena.com.br\/?p=1487"},"wordCount":587,"commentCount":0,"publisher":{"@id":"https:\/\/giovannamodena.com.br\/#organization"},"image":{"@id":"https:\/\/giovannamodena.com.br\/?p=1487#primaryimage"},"thumbnailUrl":"https:\/\/giovannamodena.com.br\/wp-content\/uploads\/2022\/06\/image7.png","articleSection":["Informa\u00e7\u00f5es"],"inLanguage":"en-US","potentialAction":[{"@type":"CommentAction","name":"Comment","target":["https:\/\/giovannamodena.com.br\/?p=1487#respond"]}]},{"@type":"WebPage","@id":"https:\/\/giovannamodena.com.br\/?p=1487","url":"https:\/\/giovannamodena.com.br\/?p=1487","name":"Aplica\u00e7\u00e3o da Responsabilidade Subsidi\u00e1ria na CLT - Giovanna Modena","isPartOf":{"@id":"https:\/\/giovannamodena.com.br\/#website"},"primaryImageOfPage":{"@id":"https:\/\/giovannamodena.com.br\/?p=1487#primaryimage"},"image":{"@id":"https:\/\/giovannamodena.com.br\/?p=1487#primaryimage"},"thumbnailUrl":"https:\/\/giovannamodena.com.br\/wp-content\/uploads\/2022\/06\/image7.png","datePublished":"2022-06-19T22:19:33+00:00","dateModified":"2025-06-13T12:17:07+00:00","breadcrumb":{"@id":"https:\/\/giovannamodena.com.br\/?p=1487#breadcrumb"},"inLanguage":"en-US","potentialAction":[{"@type":"ReadAction","target":["https:\/\/giovannamodena.com.br\/?p=1487"]}]},{"@type":"ImageObject","inLanguage":"en-US","@id":"https:\/\/giovannamodena.com.br\/?p=1487#primaryimage","url":"https:\/\/giovannamodena.com.br\/wp-content\/uploads\/2022\/06\/image7.png","contentUrl":"https:\/\/giovannamodena.com.br\/wp-content\/uploads\/2022\/06\/image7.png","width":300,"height":150},{"@type":"BreadcrumbList","@id":"https:\/\/giovannamodena.com.br\/?p=1487#breadcrumb","itemListElement":[{"@type":"ListItem","position":1,"name":"Home","item":"https:\/\/giovannamodena.com.br\/"},{"@type":"ListItem","position":2,"name":"Aplica\u00e7\u00e3o da Responsabilidade Subsidi\u00e1ria na CLT"}]},{"@type":"WebSite","@id":"https:\/\/giovannamodena.com.br\/#website","url":"https:\/\/giovannamodena.com.br\/","name":"Giovanna Modena","description":"","publisher":{"@id":"https:\/\/giovannamodena.com.br\/#organization"},"potentialAction":[{"@type":"SearchAction","target":{"@type":"EntryPoint","urlTemplate":"https:\/\/giovannamodena.com.br\/?s={search_term_string}"},"query-input":{"@type":"PropertyValueSpecification","valueRequired":true,"valueName":"search_term_string"}}],"inLanguage":"en-US"},{"@type":"Organization","@id":"https:\/\/giovannamodena.com.br\/#organization","name":"Giovanna Modena","url":"https:\/\/giovannamodena.com.br\/","logo":{"@type":"ImageObject","inLanguage":"en-US","@id":"https:\/\/giovannamodena.com.br\/#\/schema\/logo\/image\/","url":"https:\/\/giovannamodena.com.br\/wp-content\/uploads\/2023\/11\/preto.png","contentUrl":"https:\/\/giovannamodena.com.br\/wp-content\/uploads\/2023\/11\/preto.png","width":200,"height":57,"caption":"Giovanna Modena"},"image":{"@id":"https:\/\/giovannamodena.com.br\/#\/schema\/logo\/image\/"}},{"@type":"Person","@id":"https:\/\/giovannamodena.com.br\/#\/schema\/person\/165492b7ed212264e913b0681874052b","name":"Giovanna","image":{"@type":"ImageObject","inLanguage":"en-US","@id":"https:\/\/secure.gravatar.com\/avatar\/67928cbd1bcecaf08f0c878a62ce56bd329b5540aa0041efd94f350a82a2bdc3?s=96&d=mm&r=g","url":"https:\/\/secure.gravatar.com\/avatar\/67928cbd1bcecaf08f0c878a62ce56bd329b5540aa0041efd94f350a82a2bdc3?s=96&d=mm&r=g","contentUrl":"https:\/\/secure.gravatar.com\/avatar\/67928cbd1bcecaf08f0c878a62ce56bd329b5540aa0041efd94f350a82a2bdc3?s=96&d=mm&r=g","caption":"Giovanna"},"sameAs":["http:\/\/giovannamodena.com.br"],"url":"https:\/\/giovannamodena.com.br\/?author=1"}]}},"_links":{"self":[{"href":"https:\/\/giovannamodena.com.br\/index.php?rest_route=\/wp\/v2\/posts\/1487","targetHints":{"allow":["GET"]}}],"collection":[{"href":"https:\/\/giovannamodena.com.br\/index.php?rest_route=\/wp\/v2\/posts"}],"about":[{"href":"https:\/\/giovannamodena.com.br\/index.php?rest_route=\/wp\/v2\/types\/post"}],"author":[{"embeddable":true,"href":"https:\/\/giovannamodena.com.br\/index.php?rest_route=\/wp\/v2\/users\/1"}],"replies":[{"embeddable":true,"href":"https:\/\/giovannamodena.com.br\/index.php?rest_route=%2Fwp%2Fv2%2Fcomments&post=1487"}],"version-history":[{"count":4,"href":"https:\/\/giovannamodena.com.br\/index.php?rest_route=\/wp\/v2\/posts\/1487\/revisions"}],"predecessor-version":[{"id":1793,"href":"https:\/\/giovannamodena.com.br\/index.php?rest_route=\/wp\/v2\/posts\/1487\/revisions\/1793"}],"wp:featuredmedia":[{"embeddable":true,"href":"https:\/\/giovannamodena.com.br\/index.php?rest_route=\/wp\/v2\/media\/1505"}],"wp:attachment":[{"href":"https:\/\/giovannamodena.com.br\/index.php?rest_route=%2Fwp%2Fv2%2Fmedia&parent=1487"}],"wp:term":[{"taxonomy":"category","embeddable":true,"href":"https:\/\/giovannamodena.com.br\/index.php?rest_route=%2Fwp%2Fv2%2Fcategories&post=1487"},{"taxonomy":"post_tag","embeddable":true,"href":"https:\/\/giovannamodena.com.br\/index.php?rest_route=%2Fwp%2Fv2%2Ftags&post=1487"}],"curies":[{"name":"wp","href":"https:\/\/api.w.org\/{rel}","templated":true}]}}