{"id":1485,"date":"2022-06-19T19:18:24","date_gmt":"2022-06-19T22:18:24","guid":{"rendered":"https:\/\/giovannamodena.com.br\/?p=1485"},"modified":"2025-06-13T09:16:56","modified_gmt":"2025-06-13T12:16:56","slug":"a-consequencia-da-aplicacao-da-responsabilidade-solidaria-nas-relacoes-entre-empregado-e-empregador-aplicacao-da-lei-13-467-2017","status":"publish","type":"post","link":"https:\/\/giovannamodena.com.br\/?p=1485","title":{"rendered":"Aplica\u00e7\u00e3o da Responsabilidade Solid\u00e1ria na CLT"},"content":{"rendered":"\n<p>Conforme abordado no item 2, a responsabilidade solid\u00e1ria das empresas se d\u00e1 quando h\u00e1 inequ\u00edvoca fraude \u00e0 legisla\u00e7\u00e3o trabalhista, nos termos do artigo 9\u00ba, da CLT, ou, h\u00e1 rela\u00e7\u00e3o de grupo econ\u00f4mico entre as empresas, com identidade de s\u00f3cios e administra\u00e7\u00e3o, dire\u00e7\u00e3o e\/ou controle entre as empresas e, principalmente, atua\u00e7\u00e3o conjunta entre as empresas.<\/p>\n\n\n\n<p>Assim, se inexiste \u201cdire\u00e7\u00e3o, controle ou administra\u00e7\u00e3o\u201d de uma empresa sobre a outra, como preceitua o art. 2\u00b0, \u00a7 2\u00b0 da CLT, nada h\u00e1 que se falar em configura\u00e7\u00e3o de grupo econ\u00f4mico.<\/p>\n\n\n\n<p>A Lei n\u00ba 13.467\/17, incluiu o \u00a7 3\u00ba, no artigo 2\u00ba, da CLT, o qual disp\u00f5e o seguinte:<\/p>\n\n\n\n<blockquote class=\"wp-block-quote is-layout-flow wp-block-quote-is-layout-flow\"><p><em>\u201c\u00a7 3o N\u00e3o caracteriza grupo econ\u00f4mico a mera identidade de s\u00f3cios, sendo necess\u00e1rias, para a configura\u00e7\u00e3o do grupo, a demonstra\u00e7\u00e3o do interesse integrado, a efetiva comunh\u00e3o de interesses e a atua\u00e7\u00e3o conjunta das empresas dele integrantes.\u201d<\/em><\/p><\/blockquote>\n\n\n\n<p>Assim, fica claro que para caracteriza\u00e7\u00e3o do grupo econ\u00f4mico \u00e9 necess\u00e1rio que seja demonstrado a efetiva comunh\u00e3o de interesses, al\u00e9m da atua\u00e7\u00e3o conjunta das empresas, sendo o \u00f4nus da parte que alega demonstrar a exist\u00eancia de grupo econ\u00f4mico.<\/p>\n\n\n\n<p>Ainda, a recente Lei tamb\u00e9m regulou a responsabilidade do s\u00f3cio retirante, mais especificamente, em seu artigo 10-A, <em>in verbis<\/em>:<\/p>\n\n\n\n<blockquote class=\"wp-block-quote is-layout-flow wp-block-quote-is-layout-flow\"><p><em>\u201cArt. 10-A. O s\u00f3cio retirante responde subsidiariamente pelas obriga\u00e7\u00f5es trabalhistas da sociedade relativas ao per\u00edodo em que figurou como s\u00f3cio, somente em a\u00e7\u00f5es ajuizadas at\u00e9 dois anos depois de averbada a modifica\u00e7\u00e3o do contrato, observada a seguinte ordem de prefer\u00eancia:<\/em><\/p><p><em>I &#8211; a empresa devedora;<\/em><\/p><p><em>II &#8211; os s\u00f3cios atuais; e<\/em><\/p><p><em>III &#8211; os s\u00f3cios retirantes.\u201d<\/em><\/p><\/blockquote>\n\n\n\n<p>Observa-se que, al\u00e9m de a lei popularmente conhecida como Reforma Trabalhista, afastar a responsabilidade solid\u00e1ria do s\u00f3cio retirante, regulou a ordem de prefer\u00eancia na eventual execu\u00e7\u00e3o, devendo serem acionados previamente a empresa devedora e seus s\u00f3cios atuais.<\/p>\n\n\n\n<p>O entendimento predominante, na doutrina e jurisprud\u00eancia, \u00e9 o de que a sociedade empres\u00e1ria sucessora trabalhista responde integralmente pelos d\u00e9bitos oriundos das rela\u00e7\u00f5es de trabalho, ainda que referentes ao per\u00edodo anterior \u00e0 sucess\u00e3o. Eis a li\u00e7\u00e3o do eminente professor Mauricio Godinho Delgado sobre o tema:<\/p>\n\n\n\n<blockquote class=\"wp-block-quote is-layout-flow wp-block-quote-is-layout-flow\"><p><em>A figura sucess\u00f3ria trabalhista provoca a autom\u00e1tica transfer\u00eancia de direitos e obriga\u00e7\u00f5es contratuais, por for\u00e7a de lei, do antigo titular do empreendimento para o novo titular, ou seja, do antigo empregador para seu sucessor. Opera-se, desse modo, a imediata e autom\u00e1tica assun\u00e7\u00e3o dos contratos trabalhistas pelo novo titular da organiza\u00e7\u00e3o empresarial ou de sua parcela transferida. O novo titular passa a responder, imediatamente, pelas repercuss\u00f5es presentes, futuras e passadas dos contratos de trabalho que lhe foram transferidos. (In Curso de Direito do Trabalho, 7\u00aa Edi\u00e7\u00e3o, Editora LTr, 2008, p. 421)<\/em><\/p><\/blockquote>\n\n\n\n<p>Por outro lado, disp\u00f5e o artigo 448-A, par\u00e1grafo \u00fanico, da CLT, em sua reda\u00e7\u00e3o, introduzida pela Lei n\u00ba 13.467\/17:<\/p>\n\n\n\n<blockquote class=\"wp-block-quote is-layout-flow wp-block-quote-is-layout-flow\"><p><em>Art. 448-A. Caracterizada a sucess\u00e3o empresarial ou de em pregadores prevista nos arts. 10 e 448 desta Consolida\u00e7\u00e3o, as obriga\u00e7\u00f5es trabalhistas, inclusive as contra\u00eddas \u00e0 \u00e9poca em que os empregados trabalhavam para a empresa sucedida, s\u00e3o de responsabilidade<\/em> <em>do sucessor.<\/em><\/p><p><em>Par\u00e1grafo \u00fanico. A empresa sucedida responder\u00e1 solidariamente com a sucessora quando ficar comprovada fraude na transfer\u00eancia.<\/em><\/p><\/blockquote>\n\n\n\n<p>Nesse contexto, a empresa antecessora ou sucedida s\u00f3 pode ser responsabilizada, excepcionalmente, em caso de fraude na sucess\u00e3o, contudo, \u00e9 comum que o empregado, parte hipossuficiente nas rela\u00e7\u00f5es de trabalho, seja frequentemente beneficiado perante o judici\u00e1rio, sem que sejam observados os corretos par\u00e2metros para caracteriza\u00e7\u00e3o da referida responsabilidade.<\/p>\n\n\n\n<p>Valido destacar ainda que, para os empregados, a caracteriza\u00e7\u00e3o da responsabilidade solid\u00e1ria \u00e9 uma garantia de que a condena\u00e7\u00e3o ser\u00e1 cumprida, sendo que por se tratar de parte hipossuficiente, \u00e9 certo que se est\u00e1 exercendo o princ\u00edpio da prote\u00e7\u00e3o, destinado justamente a equilibrar a desigualdade contratual existente entre empregado e empregador.<\/p>\n\n\n\n<p>Igualmente certo que os artigos 10 e 448 da CLT n\u00e3o impedem a atribui\u00e7\u00e3o de responsabilidade solid\u00e1ria ou subsidi\u00e1ria \u00e0 sociedade sucedida, em casos espec\u00edficos de inadimpl\u00eancia da sucessora, versando apenas que a mudan\u00e7a na propriedade ou na estrutura jur\u00eddica da empresa n\u00e3o afeta os contratos de trabalho dos respectivos empregados.<\/p>\n\n\n\n<p>Resta claro, portanto, que n\u00e3o h\u00e1 que se falar em aplica\u00e7\u00e3o da responsabilidade solid\u00e1ria em empresa que n\u00e3o apresenta a exist\u00eancia de grupo econ\u00f4mico ou ainda, fraude na legisla\u00e7\u00e3o trabalhista, de modo que a Reforma Trabalhista trouxe embasamento legal a ser aplicado nos casos concretos de acordo com esse regramento.<\/p>\n\n\n\n<p>Deste modo, sob todos os aspectos em que se analisa a quest\u00e3o, \u00e9 for\u00e7osa a conclus\u00e3o de que a Lei 13.467\/2017 traz correta aplica\u00e7\u00e3o da caracteriza\u00e7\u00e3o da responsabilidade solid\u00e1ria nas rela\u00e7\u00f5es trabalhistas, o que deve ser observado perante o judici\u00e1rio.<\/p>\n","protected":false},"excerpt":{"rendered":"<p>Conforme abordado no item 2, a responsabilidade solid\u00e1ria das empresas se d\u00e1 quando h\u00e1 inequ\u00edvoca fraude \u00e0 legisla\u00e7\u00e3o trabalhista, nos termos do artigo 9\u00ba, da CLT, ou, h\u00e1 rela\u00e7\u00e3o de &#8230;<\/p>\n","protected":false},"author":1,"featured_media":1503,"comment_status":"open","ping_status":"open","sticky":false,"template":"","format":"standard","meta":{"footnotes":""},"categories":[20],"tags":[],"class_list":["post-1485","post","type-post","status-publish","format-standard","has-post-thumbnail","hentry","category-informacoes"],"aioseo_notices":[],"yoast_head":"<!-- This site is optimized with the Yoast SEO plugin v27.5 - https:\/\/yoast.com\/product\/yoast-seo-wordpress\/ -->\n<title>Aplica\u00e7\u00e3o da Responsabilidade Solid\u00e1ria na CLT - Giovanna Modena<\/title>\n<meta name=\"robots\" content=\"index, follow, max-snippet:-1, max-image-preview:large, max-video-preview:-1\" \/>\n<link rel=\"canonical\" href=\"https:\/\/giovannamodena.com.br\/?p=1485\" \/>\n<meta property=\"og:locale\" content=\"en_US\" \/>\n<meta property=\"og:type\" content=\"article\" \/>\n<meta property=\"og:title\" content=\"Aplica\u00e7\u00e3o da Responsabilidade Solid\u00e1ria na CLT - Giovanna Modena\" \/>\n<meta property=\"og:description\" content=\"Conforme abordado no item 2, a responsabilidade solid\u00e1ria das empresas se d\u00e1 quando h\u00e1 inequ\u00edvoca fraude \u00e0 legisla\u00e7\u00e3o trabalhista, nos termos do artigo 9\u00ba, da CLT, ou, h\u00e1 rela\u00e7\u00e3o de ...\" \/>\n<meta property=\"og:url\" content=\"https:\/\/giovannamodena.com.br\/?p=1485\" \/>\n<meta property=\"og:site_name\" content=\"Giovanna Modena\" \/>\n<meta property=\"article:published_time\" content=\"2022-06-19T22:18:24+00:00\" \/>\n<meta property=\"article:modified_time\" content=\"2025-06-13T12:16:56+00:00\" \/>\n<meta property=\"og:image\" content=\"http:\/\/giovannamodena.com.br\/wp-content\/uploads\/2022\/06\/image6.png\" \/>\n\t<meta property=\"og:image:width\" content=\"300\" \/>\n\t<meta property=\"og:image:height\" content=\"150\" \/>\n\t<meta property=\"og:image:type\" content=\"image\/png\" \/>\n<meta name=\"author\" content=\"Giovanna\" \/>\n<meta name=\"twitter:card\" content=\"summary_large_image\" \/>\n<meta name=\"twitter:label1\" content=\"Written by\" \/>\n\t<meta name=\"twitter:data1\" content=\"Giovanna\" \/>\n\t<meta name=\"twitter:label2\" content=\"Est. reading time\" \/>\n\t<meta name=\"twitter:data2\" content=\"3 minutes\" \/>\n<script type=\"application\/ld+json\" class=\"yoast-schema-graph\">{\"@context\":\"https:\\\/\\\/schema.org\",\"@graph\":[{\"@type\":\"Article\",\"@id\":\"https:\\\/\\\/giovannamodena.com.br\\\/?p=1485#article\",\"isPartOf\":{\"@id\":\"https:\\\/\\\/giovannamodena.com.br\\\/?p=1485\"},\"author\":{\"name\":\"Giovanna\",\"@id\":\"https:\\\/\\\/giovannamodena.com.br\\\/#\\\/schema\\\/person\\\/165492b7ed212264e913b0681874052b\"},\"headline\":\"Aplica\u00e7\u00e3o da Responsabilidade Solid\u00e1ria na CLT\",\"datePublished\":\"2022-06-19T22:18:24+00:00\",\"dateModified\":\"2025-06-13T12:16:56+00:00\",\"mainEntityOfPage\":{\"@id\":\"https:\\\/\\\/giovannamodena.com.br\\\/?p=1485\"},\"wordCount\":828,\"commentCount\":0,\"publisher\":{\"@id\":\"https:\\\/\\\/giovannamodena.com.br\\\/#organization\"},\"image\":{\"@id\":\"https:\\\/\\\/giovannamodena.com.br\\\/?p=1485#primaryimage\"},\"thumbnailUrl\":\"https:\\\/\\\/giovannamodena.com.br\\\/wp-content\\\/uploads\\\/2022\\\/06\\\/image6.png\",\"articleSection\":[\"Informa\u00e7\u00f5es\"],\"inLanguage\":\"en-US\",\"potentialAction\":[{\"@type\":\"CommentAction\",\"name\":\"Comment\",\"target\":[\"https:\\\/\\\/giovannamodena.com.br\\\/?p=1485#respond\"]}]},{\"@type\":\"WebPage\",\"@id\":\"https:\\\/\\\/giovannamodena.com.br\\\/?p=1485\",\"url\":\"https:\\\/\\\/giovannamodena.com.br\\\/?p=1485\",\"name\":\"Aplica\u00e7\u00e3o da Responsabilidade Solid\u00e1ria na CLT - Giovanna Modena\",\"isPartOf\":{\"@id\":\"https:\\\/\\\/giovannamodena.com.br\\\/#website\"},\"primaryImageOfPage\":{\"@id\":\"https:\\\/\\\/giovannamodena.com.br\\\/?p=1485#primaryimage\"},\"image\":{\"@id\":\"https:\\\/\\\/giovannamodena.com.br\\\/?p=1485#primaryimage\"},\"thumbnailUrl\":\"https:\\\/\\\/giovannamodena.com.br\\\/wp-content\\\/uploads\\\/2022\\\/06\\\/image6.png\",\"datePublished\":\"2022-06-19T22:18:24+00:00\",\"dateModified\":\"2025-06-13T12:16:56+00:00\",\"breadcrumb\":{\"@id\":\"https:\\\/\\\/giovannamodena.com.br\\\/?p=1485#breadcrumb\"},\"inLanguage\":\"en-US\",\"potentialAction\":[{\"@type\":\"ReadAction\",\"target\":[\"https:\\\/\\\/giovannamodena.com.br\\\/?p=1485\"]}]},{\"@type\":\"ImageObject\",\"inLanguage\":\"en-US\",\"@id\":\"https:\\\/\\\/giovannamodena.com.br\\\/?p=1485#primaryimage\",\"url\":\"https:\\\/\\\/giovannamodena.com.br\\\/wp-content\\\/uploads\\\/2022\\\/06\\\/image6.png\",\"contentUrl\":\"https:\\\/\\\/giovannamodena.com.br\\\/wp-content\\\/uploads\\\/2022\\\/06\\\/image6.png\",\"width\":300,\"height\":150},{\"@type\":\"BreadcrumbList\",\"@id\":\"https:\\\/\\\/giovannamodena.com.br\\\/?p=1485#breadcrumb\",\"itemListElement\":[{\"@type\":\"ListItem\",\"position\":1,\"name\":\"Home\",\"item\":\"https:\\\/\\\/giovannamodena.com.br\\\/\"},{\"@type\":\"ListItem\",\"position\":2,\"name\":\"Aplica\u00e7\u00e3o da Responsabilidade Solid\u00e1ria na CLT\"}]},{\"@type\":\"WebSite\",\"@id\":\"https:\\\/\\\/giovannamodena.com.br\\\/#website\",\"url\":\"https:\\\/\\\/giovannamodena.com.br\\\/\",\"name\":\"Giovanna Modena\",\"description\":\"\",\"publisher\":{\"@id\":\"https:\\\/\\\/giovannamodena.com.br\\\/#organization\"},\"potentialAction\":[{\"@type\":\"SearchAction\",\"target\":{\"@type\":\"EntryPoint\",\"urlTemplate\":\"https:\\\/\\\/giovannamodena.com.br\\\/?s={search_term_string}\"},\"query-input\":{\"@type\":\"PropertyValueSpecification\",\"valueRequired\":true,\"valueName\":\"search_term_string\"}}],\"inLanguage\":\"en-US\"},{\"@type\":\"Organization\",\"@id\":\"https:\\\/\\\/giovannamodena.com.br\\\/#organization\",\"name\":\"Giovanna Modena\",\"url\":\"https:\\\/\\\/giovannamodena.com.br\\\/\",\"logo\":{\"@type\":\"ImageObject\",\"inLanguage\":\"en-US\",\"@id\":\"https:\\\/\\\/giovannamodena.com.br\\\/#\\\/schema\\\/logo\\\/image\\\/\",\"url\":\"https:\\\/\\\/giovannamodena.com.br\\\/wp-content\\\/uploads\\\/2023\\\/11\\\/preto.png\",\"contentUrl\":\"https:\\\/\\\/giovannamodena.com.br\\\/wp-content\\\/uploads\\\/2023\\\/11\\\/preto.png\",\"width\":200,\"height\":57,\"caption\":\"Giovanna Modena\"},\"image\":{\"@id\":\"https:\\\/\\\/giovannamodena.com.br\\\/#\\\/schema\\\/logo\\\/image\\\/\"}},{\"@type\":\"Person\",\"@id\":\"https:\\\/\\\/giovannamodena.com.br\\\/#\\\/schema\\\/person\\\/165492b7ed212264e913b0681874052b\",\"name\":\"Giovanna\",\"image\":{\"@type\":\"ImageObject\",\"inLanguage\":\"en-US\",\"@id\":\"https:\\\/\\\/secure.gravatar.com\\\/avatar\\\/67928cbd1bcecaf08f0c878a62ce56bd329b5540aa0041efd94f350a82a2bdc3?s=96&d=mm&r=g\",\"url\":\"https:\\\/\\\/secure.gravatar.com\\\/avatar\\\/67928cbd1bcecaf08f0c878a62ce56bd329b5540aa0041efd94f350a82a2bdc3?s=96&d=mm&r=g\",\"contentUrl\":\"https:\\\/\\\/secure.gravatar.com\\\/avatar\\\/67928cbd1bcecaf08f0c878a62ce56bd329b5540aa0041efd94f350a82a2bdc3?s=96&d=mm&r=g\",\"caption\":\"Giovanna\"},\"sameAs\":[\"http:\\\/\\\/giovannamodena.com.br\"],\"url\":\"https:\\\/\\\/giovannamodena.com.br\\\/?author=1\"}]}<\/script>\n<!-- \/ Yoast SEO plugin. -->","yoast_head_json":{"title":"Aplica\u00e7\u00e3o da Responsabilidade Solid\u00e1ria na CLT - Giovanna Modena","robots":{"index":"index","follow":"follow","max-snippet":"max-snippet:-1","max-image-preview":"max-image-preview:large","max-video-preview":"max-video-preview:-1"},"canonical":"https:\/\/giovannamodena.com.br\/?p=1485","og_locale":"en_US","og_type":"article","og_title":"Aplica\u00e7\u00e3o da Responsabilidade Solid\u00e1ria na CLT - Giovanna Modena","og_description":"Conforme abordado no item 2, a responsabilidade solid\u00e1ria das empresas se d\u00e1 quando h\u00e1 inequ\u00edvoca fraude \u00e0 legisla\u00e7\u00e3o trabalhista, nos termos do artigo 9\u00ba, da CLT, ou, h\u00e1 rela\u00e7\u00e3o de ...","og_url":"https:\/\/giovannamodena.com.br\/?p=1485","og_site_name":"Giovanna Modena","article_published_time":"2022-06-19T22:18:24+00:00","article_modified_time":"2025-06-13T12:16:56+00:00","og_image":[{"width":300,"height":150,"url":"http:\/\/giovannamodena.com.br\/wp-content\/uploads\/2022\/06\/image6.png","type":"image\/png"}],"author":"Giovanna","twitter_card":"summary_large_image","twitter_misc":{"Written by":"Giovanna","Est. reading time":"3 minutes"},"schema":{"@context":"https:\/\/schema.org","@graph":[{"@type":"Article","@id":"https:\/\/giovannamodena.com.br\/?p=1485#article","isPartOf":{"@id":"https:\/\/giovannamodena.com.br\/?p=1485"},"author":{"name":"Giovanna","@id":"https:\/\/giovannamodena.com.br\/#\/schema\/person\/165492b7ed212264e913b0681874052b"},"headline":"Aplica\u00e7\u00e3o da Responsabilidade Solid\u00e1ria na CLT","datePublished":"2022-06-19T22:18:24+00:00","dateModified":"2025-06-13T12:16:56+00:00","mainEntityOfPage":{"@id":"https:\/\/giovannamodena.com.br\/?p=1485"},"wordCount":828,"commentCount":0,"publisher":{"@id":"https:\/\/giovannamodena.com.br\/#organization"},"image":{"@id":"https:\/\/giovannamodena.com.br\/?p=1485#primaryimage"},"thumbnailUrl":"https:\/\/giovannamodena.com.br\/wp-content\/uploads\/2022\/06\/image6.png","articleSection":["Informa\u00e7\u00f5es"],"inLanguage":"en-US","potentialAction":[{"@type":"CommentAction","name":"Comment","target":["https:\/\/giovannamodena.com.br\/?p=1485#respond"]}]},{"@type":"WebPage","@id":"https:\/\/giovannamodena.com.br\/?p=1485","url":"https:\/\/giovannamodena.com.br\/?p=1485","name":"Aplica\u00e7\u00e3o da Responsabilidade Solid\u00e1ria na CLT - Giovanna Modena","isPartOf":{"@id":"https:\/\/giovannamodena.com.br\/#website"},"primaryImageOfPage":{"@id":"https:\/\/giovannamodena.com.br\/?p=1485#primaryimage"},"image":{"@id":"https:\/\/giovannamodena.com.br\/?p=1485#primaryimage"},"thumbnailUrl":"https:\/\/giovannamodena.com.br\/wp-content\/uploads\/2022\/06\/image6.png","datePublished":"2022-06-19T22:18:24+00:00","dateModified":"2025-06-13T12:16:56+00:00","breadcrumb":{"@id":"https:\/\/giovannamodena.com.br\/?p=1485#breadcrumb"},"inLanguage":"en-US","potentialAction":[{"@type":"ReadAction","target":["https:\/\/giovannamodena.com.br\/?p=1485"]}]},{"@type":"ImageObject","inLanguage":"en-US","@id":"https:\/\/giovannamodena.com.br\/?p=1485#primaryimage","url":"https:\/\/giovannamodena.com.br\/wp-content\/uploads\/2022\/06\/image6.png","contentUrl":"https:\/\/giovannamodena.com.br\/wp-content\/uploads\/2022\/06\/image6.png","width":300,"height":150},{"@type":"BreadcrumbList","@id":"https:\/\/giovannamodena.com.br\/?p=1485#breadcrumb","itemListElement":[{"@type":"ListItem","position":1,"name":"Home","item":"https:\/\/giovannamodena.com.br\/"},{"@type":"ListItem","position":2,"name":"Aplica\u00e7\u00e3o da Responsabilidade Solid\u00e1ria na CLT"}]},{"@type":"WebSite","@id":"https:\/\/giovannamodena.com.br\/#website","url":"https:\/\/giovannamodena.com.br\/","name":"Giovanna Modena","description":"","publisher":{"@id":"https:\/\/giovannamodena.com.br\/#organization"},"potentialAction":[{"@type":"SearchAction","target":{"@type":"EntryPoint","urlTemplate":"https:\/\/giovannamodena.com.br\/?s={search_term_string}"},"query-input":{"@type":"PropertyValueSpecification","valueRequired":true,"valueName":"search_term_string"}}],"inLanguage":"en-US"},{"@type":"Organization","@id":"https:\/\/giovannamodena.com.br\/#organization","name":"Giovanna Modena","url":"https:\/\/giovannamodena.com.br\/","logo":{"@type":"ImageObject","inLanguage":"en-US","@id":"https:\/\/giovannamodena.com.br\/#\/schema\/logo\/image\/","url":"https:\/\/giovannamodena.com.br\/wp-content\/uploads\/2023\/11\/preto.png","contentUrl":"https:\/\/giovannamodena.com.br\/wp-content\/uploads\/2023\/11\/preto.png","width":200,"height":57,"caption":"Giovanna Modena"},"image":{"@id":"https:\/\/giovannamodena.com.br\/#\/schema\/logo\/image\/"}},{"@type":"Person","@id":"https:\/\/giovannamodena.com.br\/#\/schema\/person\/165492b7ed212264e913b0681874052b","name":"Giovanna","image":{"@type":"ImageObject","inLanguage":"en-US","@id":"https:\/\/secure.gravatar.com\/avatar\/67928cbd1bcecaf08f0c878a62ce56bd329b5540aa0041efd94f350a82a2bdc3?s=96&d=mm&r=g","url":"https:\/\/secure.gravatar.com\/avatar\/67928cbd1bcecaf08f0c878a62ce56bd329b5540aa0041efd94f350a82a2bdc3?s=96&d=mm&r=g","contentUrl":"https:\/\/secure.gravatar.com\/avatar\/67928cbd1bcecaf08f0c878a62ce56bd329b5540aa0041efd94f350a82a2bdc3?s=96&d=mm&r=g","caption":"Giovanna"},"sameAs":["http:\/\/giovannamodena.com.br"],"url":"https:\/\/giovannamodena.com.br\/?author=1"}]}},"_links":{"self":[{"href":"https:\/\/giovannamodena.com.br\/index.php?rest_route=\/wp\/v2\/posts\/1485","targetHints":{"allow":["GET"]}}],"collection":[{"href":"https:\/\/giovannamodena.com.br\/index.php?rest_route=\/wp\/v2\/posts"}],"about":[{"href":"https:\/\/giovannamodena.com.br\/index.php?rest_route=\/wp\/v2\/types\/post"}],"author":[{"embeddable":true,"href":"https:\/\/giovannamodena.com.br\/index.php?rest_route=\/wp\/v2\/users\/1"}],"replies":[{"embeddable":true,"href":"https:\/\/giovannamodena.com.br\/index.php?rest_route=%2Fwp%2Fv2%2Fcomments&post=1485"}],"version-history":[{"count":6,"href":"https:\/\/giovannamodena.com.br\/index.php?rest_route=\/wp\/v2\/posts\/1485\/revisions"}],"predecessor-version":[{"id":1792,"href":"https:\/\/giovannamodena.com.br\/index.php?rest_route=\/wp\/v2\/posts\/1485\/revisions\/1792"}],"wp:featuredmedia":[{"embeddable":true,"href":"https:\/\/giovannamodena.com.br\/index.php?rest_route=\/wp\/v2\/media\/1503"}],"wp:attachment":[{"href":"https:\/\/giovannamodena.com.br\/index.php?rest_route=%2Fwp%2Fv2%2Fmedia&parent=1485"}],"wp:term":[{"taxonomy":"category","embeddable":true,"href":"https:\/\/giovannamodena.com.br\/index.php?rest_route=%2Fwp%2Fv2%2Fcategories&post=1485"},{"taxonomy":"post_tag","embeddable":true,"href":"https:\/\/giovannamodena.com.br\/index.php?rest_route=%2Fwp%2Fv2%2Ftags&post=1485"}],"curies":[{"name":"wp","href":"https:\/\/api.w.org\/{rel}","templated":true}]}}