{"id":1481,"date":"2022-06-19T18:54:08","date_gmt":"2022-06-19T21:54:08","guid":{"rendered":"https:\/\/giovannamodena.com.br\/?p=1481"},"modified":"2025-06-13T09:38:22","modified_gmt":"2025-06-13T12:38:22","slug":"responsabilidade-solidaria-no-direito-do-trabalho","status":"publish","type":"post","link":"https:\/\/giovannamodena.com.br\/?p=1481","title":{"rendered":"Introdu\u00e7\u00e3o \u00e0 Responsabilidade Solid\u00e1ria nas Rela\u00e7\u00f5es de Trabalho"},"content":{"rendered":"\n<p>A responsabilidade ser\u00e1 solid\u00e1ria quando em uma mesma obriga\u00e7\u00e3o houver mais de um respons\u00e1vel pelo seu cumprimento.<\/p>\n\n\n\n<p>Assim, estando diante de uma situa\u00e7\u00e3o na qual a responsabilidade \u00e9 solid\u00e1ria, poder\u00e1 o credor exigir o cumprimento da responsabilidade de ambos os devedores ou de apenas um deles, cabendo \u00e0quele que cumprir a obriga\u00e7\u00e3o o direito de regresso contra o devedor solid\u00e1rio.<br><\/p>\n\n\n\n<p>A responsabilidade solid\u00e1ria surge no direito do trabalho para facilitar a cobran\u00e7a de direitos trabalhistas, ou ainda, para evitar fraudes, sendo que os institutos mais comuns para a configura\u00e7\u00e3o da responsabilidade solid\u00e1ria s\u00e3o: grupo econ\u00f4mico por subordina\u00e7\u00e3o, grupo econ\u00f4mico por denomina\u00e7\u00e3o, e por fim, subempreitada de m\u00e3o-de-obra.<\/p>\n\n\n\n<p>Apenas a t\u00edtulo de exemplo, vemos os grupos econ\u00f4micos nas v\u00e1rias redes de supermercado que atuam coordenadas por uma mesma controladora, como os grupos P\u00e3o de A\u00e7\u00facar e Walmart.<\/p>\n\n\n\n<p>Vejamos a seguir, de forma mais aprofundada sobre os institutos acima citados.<\/p>\n\n\n\n<p><\/p>\n\n\n\n<h5 class=\"wp-block-heading\">1.&nbsp; Grupo Econ\u00f4mico por Subordina\u00e7\u00e3o<\/h5>\n\n\n\n<p>Grupo econ\u00f4mico \u00e0 luz da legisla\u00e7\u00e3o trabalhista \u00e9 classificado em grupo econ\u00f4mico por subordina\u00e7\u00e3o e grupo econ\u00f4mico por denomina\u00e7\u00e3o.<\/p>\n\n\n\n<p>Define-se grupo econ\u00f4mico por subordina\u00e7\u00e3o, quando uma ou mais empresas, embora tendo cada uma delas personalidade jur\u00eddica pr\u00f3pria, estiverem sob a dire\u00e7\u00e3o, controle ou administra\u00e7\u00e3o de outra.<\/p>\n\n\n\n<p>Todavia, para a configura\u00e7\u00e3o do grupo econ\u00f4mico, deve-se avaliar a exist\u00eancia, em maior ou menor grau, de uma unidade diretiva comum, bem como prova consistente desta exist\u00eancia. Portanto, essencial para a forma\u00e7\u00e3o de grupo de empresas \u00e9 que exista uma coordena\u00e7\u00e3o interempresarial com objetivos comuns, ou seja, uma unidade diretiva.<\/p>\n\n\n\n<p>Assim, a dire\u00e7\u00e3o unit\u00e1ria \u00e9 o elemento essencial do grupo porque se inexistente, as empresas estariam liberadas para cada uma seguir o seu caminho de acordo com as suas determina\u00e7\u00f5es, aspecto que retiraria a integra\u00e7\u00e3o empresarial necess\u00e1ria para que um grupo possa ser considerado como tal.<\/p>\n\n\n\n<p>Os grupos econ\u00f4micos, ou seja, v\u00e1rias empresas sob o mesmo comando, s\u00e3o respons\u00e1veis solidariamente pelas obriga\u00e7\u00f5es trabalhistas.<\/p>\n\n\n\n<h5 class=\"wp-block-heading\">2.&nbsp; Grupo Econ\u00f4mico por Denomina\u00e7\u00e3o<\/h5>\n\n\n\n<p>Enquanto o grupo econ\u00f4mico por denomina\u00e7\u00e3o trata-se de grupo econ\u00f4mico que pressup\u00f5e uma empresa principal ou controladora e uma ou v\u00e1rias empresas controladas (subordinadas).<\/p>\n\n\n\n<p>Entretanto, o entendimento prevalente na Justi\u00e7a do Trabalho \u00e9 no sentido de que tamb\u00e9m \u00e9 poss\u00edvel a configura\u00e7\u00e3o de grupo econ\u00f4mico sem rela\u00e7\u00e3o de domina\u00e7\u00e3o, como vimos anteriormente atrav\u00e9s dos grupos econ\u00f4micos por subordina\u00e7\u00e3o, como acontece quando o controle das empresas est\u00e1 nas m\u00e3os de uma ou mais pessoas f\u00edsicas, detentoras de um n\u00famero de a\u00e7\u00f5es suficiente para criar uma efetiva unidade de comando.<\/p>\n\n\n\n<p>Nesse caso, embora n\u00e3o perten\u00e7am formalmente a um grupo econ\u00f4mico, a presta\u00e7\u00e3o do servi\u00e7o beneficia ambas. Assim, a lei optou por torn\u00e1-las solidariamente respons\u00e1veis pelos direitos trabalhistas.<\/p>\n\n\n\n<p><\/p>\n\n\n\n<h5 class=\"wp-block-heading\">3.&nbsp; Subempreitada<\/h5>\n\n\n\n<p>O conceito de empreitada refere-se, segundo o dicion\u00e1rio, \u00e0 \u201cobra que se faz segundo determinadas condi\u00e7\u00f5es por um pre\u00e7o previamente estipulado\u201d.<\/p>\n\n\n\n<p>O C\u00f3digo Civil distingue duas esp\u00e9cies de empreitada: a empreitada onde o empreiteiro recebe do dono da obra os materiais, contribuindo apenas com o seu trabalho; e a empreitada de lavor onde o empreiteiro executa a obra, fornecendo ele pr\u00f3prio os materiais, chamado de empreitada de material.<\/p>\n\n\n\n<p>A subempreitada ocorre quando uma empreiteira transfere no todo ou em parte a realiza\u00e7\u00e3o de uma obra para outra empresa.<\/p>\n\n\n\n<p>A subempreitada \u00e9 considerada um fen\u00f4meno comum da din\u00e2mica empresarial moderna da constru\u00e7\u00e3o civil, o que permite a redu\u00e7\u00e3o de custos e gera\u00e7\u00e3o de maior demanda, o que possibilita at\u00e9 mesmo um maior crescimento e competitividade para o setor.<\/p>\n\n\n\n<p>Em tais casos a empreiteira que transferiu o servi\u00e7o se torna uma respons\u00e1vel subsidi\u00e1ria. Se a contratada deixar de pagar seus direitos trabalhistas, o empregado poder\u00e1 cobrar os valores diretamente da contratante.<\/p>\n\n\n\n<p>\u00c9 o que vemos diante do artigo 455 e seu par\u00e1grafo \u00fanico da CLT, conforme abaixo:<\/p>\n\n\n\n<blockquote class=\"wp-block-quote is-layout-flow wp-block-quote-is-layout-flow\"><p><em>Art. 455 &#8211; Nos contratos de subempreitada responder\u00e1 o subempreiteiro pelas obriga\u00e7\u00f5es derivadas do contrato de trabalho que celebrar, cabendo, todavia, aos empregados, o direito de reclama\u00e7\u00e3o contra o empreiteiro principal pelo inadimplemento daquelas obriga\u00e7\u00f5es por parte do primeiro.<\/em><\/p><p><em>Par\u00e1grafo \u00fanico &#8211; Ao empreiteiro principal fica ressalvada, nos termos da lei civil, a\u00e7\u00e3o regressiva contra o subempreiteiro e a reten\u00e7\u00e3o de import\u00e2ncias a este devidas, para a garantia das obriga\u00e7\u00f5es previstas neste artigo.<\/em><\/p><\/blockquote>\n\n\n\n<p>Vale pontuar ainda que n\u00e3o h\u00e1 como o empreiteiro principal eximir-se da obriga\u00e7\u00e3o para com os empregados, at\u00e9 mesmo aqueles que o subempreiteiro contratou, o que pode ser assim exposto:<\/p>\n\n\n\n<p>O empreiteiro assume os riscos quanto \u00e0 realiza\u00e7\u00e3o da obra. Ao efetuar a contrata\u00e7\u00e3o de um subempreiteiro, tamb\u00e9m est\u00e1 assumindo os riscos das obriga\u00e7\u00f5es trabalhistas dos seus empregados. Trata-se de uma obriga\u00e7\u00e3o imposta pela lei, nos termos do artigo acima transcrito. Se as obriga\u00e7\u00f5es trabalhistas dos empregados do subempreiteiro n\u00e3o s\u00e3o adimplidas, ter\u00e3o estes o direito de a\u00e7\u00e3o contra o empreiteiro.<\/p>\n\n\n\n<p>Por fim, certo que os direitos trabalhistas em rela\u00e7\u00e3o aqueles que prestaram servi\u00e7os na obra, respondem tanto o empreiteiro, como o subempreiteiro, de forma solid\u00e1ria, sob pena de fraudar-se a prote\u00e7\u00e3o social do direito laboral.<\/p>\n","protected":false},"excerpt":{"rendered":"<p>A responsabilidade ser\u00e1 solid\u00e1ria quando em uma mesma obriga\u00e7\u00e3o houver mais de um respons\u00e1vel pelo seu cumprimento. Assim, estando diante de uma situa\u00e7\u00e3o na qual a responsabilidade \u00e9 solid\u00e1ria, poder\u00e1 &#8230;<\/p>\n","protected":false},"author":1,"featured_media":1497,"comment_status":"open","ping_status":"open","sticky":false,"template":"","format":"standard","meta":{"footnotes":""},"categories":[20],"tags":[],"class_list":["post-1481","post","type-post","status-publish","format-standard","has-post-thumbnail","hentry","category-informacoes"],"aioseo_notices":[],"yoast_head":"<!-- This site is optimized with the Yoast SEO plugin v27.5 - https:\/\/yoast.com\/product\/yoast-seo-wordpress\/ -->\n<title>Introdu\u00e7\u00e3o \u00e0 Responsabilidade Solid\u00e1ria nas Rela\u00e7\u00f5es de Trabalho - Giovanna Modena<\/title>\n<meta name=\"robots\" content=\"index, follow, max-snippet:-1, max-image-preview:large, max-video-preview:-1\" \/>\n<link rel=\"canonical\" href=\"https:\/\/giovannamodena.com.br\/?p=1481\" \/>\n<meta property=\"og:locale\" content=\"en_US\" \/>\n<meta property=\"og:type\" content=\"article\" \/>\n<meta property=\"og:title\" content=\"Introdu\u00e7\u00e3o \u00e0 Responsabilidade Solid\u00e1ria nas Rela\u00e7\u00f5es de Trabalho - Giovanna Modena\" \/>\n<meta property=\"og:description\" content=\"A responsabilidade ser\u00e1 solid\u00e1ria quando em uma mesma obriga\u00e7\u00e3o houver mais de um respons\u00e1vel pelo seu cumprimento. Assim, estando diante de uma situa\u00e7\u00e3o na qual a responsabilidade \u00e9 solid\u00e1ria, poder\u00e1 ...\" \/>\n<meta property=\"og:url\" content=\"https:\/\/giovannamodena.com.br\/?p=1481\" \/>\n<meta property=\"og:site_name\" content=\"Giovanna Modena\" \/>\n<meta property=\"article:published_time\" content=\"2022-06-19T21:54:08+00:00\" \/>\n<meta property=\"article:modified_time\" content=\"2025-06-13T12:38:22+00:00\" \/>\n<meta property=\"og:image\" content=\"http:\/\/giovannamodena.com.br\/wp-content\/uploads\/2022\/06\/image4.png\" \/>\n\t<meta property=\"og:image:width\" content=\"300\" \/>\n\t<meta property=\"og:image:height\" content=\"150\" \/>\n\t<meta property=\"og:image:type\" content=\"image\/png\" \/>\n<meta name=\"author\" content=\"Giovanna\" \/>\n<meta name=\"twitter:card\" content=\"summary_large_image\" \/>\n<meta name=\"twitter:label1\" content=\"Written by\" \/>\n\t<meta name=\"twitter:data1\" content=\"Giovanna\" \/>\n\t<meta name=\"twitter:label2\" content=\"Est. reading time\" \/>\n\t<meta name=\"twitter:data2\" content=\"4 minutes\" \/>\n<script type=\"application\/ld+json\" class=\"yoast-schema-graph\">{\"@context\":\"https:\\\/\\\/schema.org\",\"@graph\":[{\"@type\":\"Article\",\"@id\":\"https:\\\/\\\/giovannamodena.com.br\\\/?p=1481#article\",\"isPartOf\":{\"@id\":\"https:\\\/\\\/giovannamodena.com.br\\\/?p=1481\"},\"author\":{\"name\":\"Giovanna\",\"@id\":\"https:\\\/\\\/giovannamodena.com.br\\\/#\\\/schema\\\/person\\\/165492b7ed212264e913b0681874052b\"},\"headline\":\"Introdu\u00e7\u00e3o \u00e0 Responsabilidade Solid\u00e1ria nas Rela\u00e7\u00f5es de Trabalho\",\"datePublished\":\"2022-06-19T21:54:08+00:00\",\"dateModified\":\"2025-06-13T12:38:22+00:00\",\"mainEntityOfPage\":{\"@id\":\"https:\\\/\\\/giovannamodena.com.br\\\/?p=1481\"},\"wordCount\":925,\"commentCount\":0,\"publisher\":{\"@id\":\"https:\\\/\\\/giovannamodena.com.br\\\/#organization\"},\"image\":{\"@id\":\"https:\\\/\\\/giovannamodena.com.br\\\/?p=1481#primaryimage\"},\"thumbnailUrl\":\"https:\\\/\\\/giovannamodena.com.br\\\/wp-content\\\/uploads\\\/2022\\\/06\\\/image4.png\",\"articleSection\":[\"Informa\u00e7\u00f5es\"],\"inLanguage\":\"en-US\",\"potentialAction\":[{\"@type\":\"CommentAction\",\"name\":\"Comment\",\"target\":[\"https:\\\/\\\/giovannamodena.com.br\\\/?p=1481#respond\"]}]},{\"@type\":\"WebPage\",\"@id\":\"https:\\\/\\\/giovannamodena.com.br\\\/?p=1481\",\"url\":\"https:\\\/\\\/giovannamodena.com.br\\\/?p=1481\",\"name\":\"Introdu\u00e7\u00e3o \u00e0 Responsabilidade Solid\u00e1ria nas Rela\u00e7\u00f5es de Trabalho - Giovanna Modena\",\"isPartOf\":{\"@id\":\"https:\\\/\\\/giovannamodena.com.br\\\/#website\"},\"primaryImageOfPage\":{\"@id\":\"https:\\\/\\\/giovannamodena.com.br\\\/?p=1481#primaryimage\"},\"image\":{\"@id\":\"https:\\\/\\\/giovannamodena.com.br\\\/?p=1481#primaryimage\"},\"thumbnailUrl\":\"https:\\\/\\\/giovannamodena.com.br\\\/wp-content\\\/uploads\\\/2022\\\/06\\\/image4.png\",\"datePublished\":\"2022-06-19T21:54:08+00:00\",\"dateModified\":\"2025-06-13T12:38:22+00:00\",\"breadcrumb\":{\"@id\":\"https:\\\/\\\/giovannamodena.com.br\\\/?p=1481#breadcrumb\"},\"inLanguage\":\"en-US\",\"potentialAction\":[{\"@type\":\"ReadAction\",\"target\":[\"https:\\\/\\\/giovannamodena.com.br\\\/?p=1481\"]}]},{\"@type\":\"ImageObject\",\"inLanguage\":\"en-US\",\"@id\":\"https:\\\/\\\/giovannamodena.com.br\\\/?p=1481#primaryimage\",\"url\":\"https:\\\/\\\/giovannamodena.com.br\\\/wp-content\\\/uploads\\\/2022\\\/06\\\/image4.png\",\"contentUrl\":\"https:\\\/\\\/giovannamodena.com.br\\\/wp-content\\\/uploads\\\/2022\\\/06\\\/image4.png\",\"width\":300,\"height\":150},{\"@type\":\"BreadcrumbList\",\"@id\":\"https:\\\/\\\/giovannamodena.com.br\\\/?p=1481#breadcrumb\",\"itemListElement\":[{\"@type\":\"ListItem\",\"position\":1,\"name\":\"Home\",\"item\":\"https:\\\/\\\/giovannamodena.com.br\\\/\"},{\"@type\":\"ListItem\",\"position\":2,\"name\":\"Introdu\u00e7\u00e3o \u00e0 Responsabilidade Solid\u00e1ria nas Rela\u00e7\u00f5es de Trabalho\"}]},{\"@type\":\"WebSite\",\"@id\":\"https:\\\/\\\/giovannamodena.com.br\\\/#website\",\"url\":\"https:\\\/\\\/giovannamodena.com.br\\\/\",\"name\":\"Giovanna Modena\",\"description\":\"\",\"publisher\":{\"@id\":\"https:\\\/\\\/giovannamodena.com.br\\\/#organization\"},\"potentialAction\":[{\"@type\":\"SearchAction\",\"target\":{\"@type\":\"EntryPoint\",\"urlTemplate\":\"https:\\\/\\\/giovannamodena.com.br\\\/?s={search_term_string}\"},\"query-input\":{\"@type\":\"PropertyValueSpecification\",\"valueRequired\":true,\"valueName\":\"search_term_string\"}}],\"inLanguage\":\"en-US\"},{\"@type\":\"Organization\",\"@id\":\"https:\\\/\\\/giovannamodena.com.br\\\/#organization\",\"name\":\"Giovanna Modena\",\"url\":\"https:\\\/\\\/giovannamodena.com.br\\\/\",\"logo\":{\"@type\":\"ImageObject\",\"inLanguage\":\"en-US\",\"@id\":\"https:\\\/\\\/giovannamodena.com.br\\\/#\\\/schema\\\/logo\\\/image\\\/\",\"url\":\"https:\\\/\\\/giovannamodena.com.br\\\/wp-content\\\/uploads\\\/2023\\\/11\\\/preto.png\",\"contentUrl\":\"https:\\\/\\\/giovannamodena.com.br\\\/wp-content\\\/uploads\\\/2023\\\/11\\\/preto.png\",\"width\":200,\"height\":57,\"caption\":\"Giovanna Modena\"},\"image\":{\"@id\":\"https:\\\/\\\/giovannamodena.com.br\\\/#\\\/schema\\\/logo\\\/image\\\/\"}},{\"@type\":\"Person\",\"@id\":\"https:\\\/\\\/giovannamodena.com.br\\\/#\\\/schema\\\/person\\\/165492b7ed212264e913b0681874052b\",\"name\":\"Giovanna\",\"image\":{\"@type\":\"ImageObject\",\"inLanguage\":\"en-US\",\"@id\":\"https:\\\/\\\/secure.gravatar.com\\\/avatar\\\/67928cbd1bcecaf08f0c878a62ce56bd329b5540aa0041efd94f350a82a2bdc3?s=96&d=mm&r=g\",\"url\":\"https:\\\/\\\/secure.gravatar.com\\\/avatar\\\/67928cbd1bcecaf08f0c878a62ce56bd329b5540aa0041efd94f350a82a2bdc3?s=96&d=mm&r=g\",\"contentUrl\":\"https:\\\/\\\/secure.gravatar.com\\\/avatar\\\/67928cbd1bcecaf08f0c878a62ce56bd329b5540aa0041efd94f350a82a2bdc3?s=96&d=mm&r=g\",\"caption\":\"Giovanna\"},\"sameAs\":[\"http:\\\/\\\/giovannamodena.com.br\"],\"url\":\"https:\\\/\\\/giovannamodena.com.br\\\/?author=1\"}]}<\/script>\n<!-- \/ Yoast SEO plugin. -->","yoast_head_json":{"title":"Introdu\u00e7\u00e3o \u00e0 Responsabilidade Solid\u00e1ria nas Rela\u00e7\u00f5es de Trabalho - Giovanna Modena","robots":{"index":"index","follow":"follow","max-snippet":"max-snippet:-1","max-image-preview":"max-image-preview:large","max-video-preview":"max-video-preview:-1"},"canonical":"https:\/\/giovannamodena.com.br\/?p=1481","og_locale":"en_US","og_type":"article","og_title":"Introdu\u00e7\u00e3o \u00e0 Responsabilidade Solid\u00e1ria nas Rela\u00e7\u00f5es de Trabalho - Giovanna Modena","og_description":"A responsabilidade ser\u00e1 solid\u00e1ria quando em uma mesma obriga\u00e7\u00e3o houver mais de um respons\u00e1vel pelo seu cumprimento. Assim, estando diante de uma situa\u00e7\u00e3o na qual a responsabilidade \u00e9 solid\u00e1ria, poder\u00e1 ...","og_url":"https:\/\/giovannamodena.com.br\/?p=1481","og_site_name":"Giovanna Modena","article_published_time":"2022-06-19T21:54:08+00:00","article_modified_time":"2025-06-13T12:38:22+00:00","og_image":[{"width":300,"height":150,"url":"http:\/\/giovannamodena.com.br\/wp-content\/uploads\/2022\/06\/image4.png","type":"image\/png"}],"author":"Giovanna","twitter_card":"summary_large_image","twitter_misc":{"Written by":"Giovanna","Est. reading time":"4 minutes"},"schema":{"@context":"https:\/\/schema.org","@graph":[{"@type":"Article","@id":"https:\/\/giovannamodena.com.br\/?p=1481#article","isPartOf":{"@id":"https:\/\/giovannamodena.com.br\/?p=1481"},"author":{"name":"Giovanna","@id":"https:\/\/giovannamodena.com.br\/#\/schema\/person\/165492b7ed212264e913b0681874052b"},"headline":"Introdu\u00e7\u00e3o \u00e0 Responsabilidade Solid\u00e1ria nas Rela\u00e7\u00f5es de Trabalho","datePublished":"2022-06-19T21:54:08+00:00","dateModified":"2025-06-13T12:38:22+00:00","mainEntityOfPage":{"@id":"https:\/\/giovannamodena.com.br\/?p=1481"},"wordCount":925,"commentCount":0,"publisher":{"@id":"https:\/\/giovannamodena.com.br\/#organization"},"image":{"@id":"https:\/\/giovannamodena.com.br\/?p=1481#primaryimage"},"thumbnailUrl":"https:\/\/giovannamodena.com.br\/wp-content\/uploads\/2022\/06\/image4.png","articleSection":["Informa\u00e7\u00f5es"],"inLanguage":"en-US","potentialAction":[{"@type":"CommentAction","name":"Comment","target":["https:\/\/giovannamodena.com.br\/?p=1481#respond"]}]},{"@type":"WebPage","@id":"https:\/\/giovannamodena.com.br\/?p=1481","url":"https:\/\/giovannamodena.com.br\/?p=1481","name":"Introdu\u00e7\u00e3o \u00e0 Responsabilidade Solid\u00e1ria nas Rela\u00e7\u00f5es de Trabalho - Giovanna Modena","isPartOf":{"@id":"https:\/\/giovannamodena.com.br\/#website"},"primaryImageOfPage":{"@id":"https:\/\/giovannamodena.com.br\/?p=1481#primaryimage"},"image":{"@id":"https:\/\/giovannamodena.com.br\/?p=1481#primaryimage"},"thumbnailUrl":"https:\/\/giovannamodena.com.br\/wp-content\/uploads\/2022\/06\/image4.png","datePublished":"2022-06-19T21:54:08+00:00","dateModified":"2025-06-13T12:38:22+00:00","breadcrumb":{"@id":"https:\/\/giovannamodena.com.br\/?p=1481#breadcrumb"},"inLanguage":"en-US","potentialAction":[{"@type":"ReadAction","target":["https:\/\/giovannamodena.com.br\/?p=1481"]}]},{"@type":"ImageObject","inLanguage":"en-US","@id":"https:\/\/giovannamodena.com.br\/?p=1481#primaryimage","url":"https:\/\/giovannamodena.com.br\/wp-content\/uploads\/2022\/06\/image4.png","contentUrl":"https:\/\/giovannamodena.com.br\/wp-content\/uploads\/2022\/06\/image4.png","width":300,"height":150},{"@type":"BreadcrumbList","@id":"https:\/\/giovannamodena.com.br\/?p=1481#breadcrumb","itemListElement":[{"@type":"ListItem","position":1,"name":"Home","item":"https:\/\/giovannamodena.com.br\/"},{"@type":"ListItem","position":2,"name":"Introdu\u00e7\u00e3o \u00e0 Responsabilidade Solid\u00e1ria nas Rela\u00e7\u00f5es de Trabalho"}]},{"@type":"WebSite","@id":"https:\/\/giovannamodena.com.br\/#website","url":"https:\/\/giovannamodena.com.br\/","name":"Giovanna Modena","description":"","publisher":{"@id":"https:\/\/giovannamodena.com.br\/#organization"},"potentialAction":[{"@type":"SearchAction","target":{"@type":"EntryPoint","urlTemplate":"https:\/\/giovannamodena.com.br\/?s={search_term_string}"},"query-input":{"@type":"PropertyValueSpecification","valueRequired":true,"valueName":"search_term_string"}}],"inLanguage":"en-US"},{"@type":"Organization","@id":"https:\/\/giovannamodena.com.br\/#organization","name":"Giovanna Modena","url":"https:\/\/giovannamodena.com.br\/","logo":{"@type":"ImageObject","inLanguage":"en-US","@id":"https:\/\/giovannamodena.com.br\/#\/schema\/logo\/image\/","url":"https:\/\/giovannamodena.com.br\/wp-content\/uploads\/2023\/11\/preto.png","contentUrl":"https:\/\/giovannamodena.com.br\/wp-content\/uploads\/2023\/11\/preto.png","width":200,"height":57,"caption":"Giovanna Modena"},"image":{"@id":"https:\/\/giovannamodena.com.br\/#\/schema\/logo\/image\/"}},{"@type":"Person","@id":"https:\/\/giovannamodena.com.br\/#\/schema\/person\/165492b7ed212264e913b0681874052b","name":"Giovanna","image":{"@type":"ImageObject","inLanguage":"en-US","@id":"https:\/\/secure.gravatar.com\/avatar\/67928cbd1bcecaf08f0c878a62ce56bd329b5540aa0041efd94f350a82a2bdc3?s=96&d=mm&r=g","url":"https:\/\/secure.gravatar.com\/avatar\/67928cbd1bcecaf08f0c878a62ce56bd329b5540aa0041efd94f350a82a2bdc3?s=96&d=mm&r=g","contentUrl":"https:\/\/secure.gravatar.com\/avatar\/67928cbd1bcecaf08f0c878a62ce56bd329b5540aa0041efd94f350a82a2bdc3?s=96&d=mm&r=g","caption":"Giovanna"},"sameAs":["http:\/\/giovannamodena.com.br"],"url":"https:\/\/giovannamodena.com.br\/?author=1"}]}},"_links":{"self":[{"href":"https:\/\/giovannamodena.com.br\/index.php?rest_route=\/wp\/v2\/posts\/1481","targetHints":{"allow":["GET"]}}],"collection":[{"href":"https:\/\/giovannamodena.com.br\/index.php?rest_route=\/wp\/v2\/posts"}],"about":[{"href":"https:\/\/giovannamodena.com.br\/index.php?rest_route=\/wp\/v2\/types\/post"}],"author":[{"embeddable":true,"href":"https:\/\/giovannamodena.com.br\/index.php?rest_route=\/wp\/v2\/users\/1"}],"replies":[{"embeddable":true,"href":"https:\/\/giovannamodena.com.br\/index.php?rest_route=%2Fwp%2Fv2%2Fcomments&post=1481"}],"version-history":[{"count":3,"href":"https:\/\/giovannamodena.com.br\/index.php?rest_route=\/wp\/v2\/posts\/1481\/revisions"}],"predecessor-version":[{"id":1791,"href":"https:\/\/giovannamodena.com.br\/index.php?rest_route=\/wp\/v2\/posts\/1481\/revisions\/1791"}],"wp:featuredmedia":[{"embeddable":true,"href":"https:\/\/giovannamodena.com.br\/index.php?rest_route=\/wp\/v2\/media\/1497"}],"wp:attachment":[{"href":"https:\/\/giovannamodena.com.br\/index.php?rest_route=%2Fwp%2Fv2%2Fmedia&parent=1481"}],"wp:term":[{"taxonomy":"category","embeddable":true,"href":"https:\/\/giovannamodena.com.br\/index.php?rest_route=%2Fwp%2Fv2%2Fcategories&post=1481"},{"taxonomy":"post_tag","embeddable":true,"href":"https:\/\/giovannamodena.com.br\/index.php?rest_route=%2Fwp%2Fv2%2Ftags&post=1481"}],"curies":[{"name":"wp","href":"https:\/\/api.w.org\/{rel}","templated":true}]}}